{"id":2614,"date":"2016-07-06T18:32:18","date_gmt":"2016-07-06T16:32:18","guid":{"rendered":"http:\/\/yomecuidoyque.com\/?p=2614"},"modified":"2016-07-06T18:32:18","modified_gmt":"2016-07-06T16:32:18","slug":"concurso-amo-naturaleza-y-que","status":"publish","type":"post","link":"https:\/\/drasanvi.com\/pt\/concurso-amo-naturaleza-y-que\/","title":{"rendered":"Yo amo lo natural y qu\u00e9"},"content":{"rendered":"<p><![CDATA[\n\n<p style=\"text-align: justify;\">Las ciudades gestionan\u00a0huertos urbanos, se popularizan los destinos de vacaciones rurales, se recupera la artesan\u00eda as\u00ed como los procesos tradicionales de producci\u00f3n, integrando procedimientos m\u00e1s ecol\u00f3gicos. La tecnolog\u00eda sigue adelante, pero parece que el ser humano prefiere volver \u201catr\u00e1s\u201d y busca, cada vez m\u00e1s, una conexi\u00f3n con la naturaleza. \u00bfA qu\u00e9 puede ser debido?<\/p>\n\n\n\n\n<ul style=\"text-align: justify;\">\n \t\n\n<li><strong>Aumento de la concienciaci\u00f3n medioambiental:<\/strong> cada vez m\u00e1s personas son conscientes de que es necesario rebajar al m\u00e1ximo el impacto del hombre en la naturaleza. Por eso de \u201cdejar algo mejor a nuestros hijos y nietos\u201d. Pero detr\u00e1s existen diferentes instituciones nacionales e internacionales luchan por proteger el medio ambiente de distintas formas y parece que, poco a poco, las pol\u00edticas se alinean hacia este objetivo. Y los ciudadanos comenzamos a entender la importancia de que cada uno de nosotros aportemos con un granito de arena. As\u00ed por ejemplo, en la mayor parte de ciudades espa\u00f1olas comienza a incrementarse el uso de contenedores de reciclaje de papel, pl\u00e1stico, vidrio y ropa.<\/li>\n\n\n \t\n\n<li><strong>Causas econ\u00f3micas:<\/strong> en muchas ocasiones relacionamos el reciclaje de materiales y la elaboraci\u00f3n de productos de forma artesanal con pr\u00e1cticas propias de pa\u00edses subdesarrollados o con personas de bajos recursos econ\u00f3micos, pero no siempre es as\u00ed. De hecho, las grandes marcas de lujo comienzan a experimentar con materiales reciclados dando lugar a art\u00edculos notablemente caros. Y son, por ejemplo, las personas de mayor poder adquisitivo las que pueden permitirse comprar prendas de alta costura (artesanales). Lo realizado a mano y con materiales naturales es, de nuevo, altamente valorado.<\/li>\n\n\n \t\n\n<li><strong>Ser natural y ecol\u00f3gico es <em>mainstream<\/em>.<\/strong> Es decir, una corriente de comportamiento, una tendencia. Se trata de un factor sociol\u00f3gico: la imitaci\u00f3n y cambio de comportamiento constante es inherente al ser humano, por lo que es normal que los grupos sociales se adapten a las nuevas tendencias que ven en su entorno. As\u00ed, por ejemplo, es m\u00e1s \u201cguay\u201d recoger un pal\u00e9 de la calle y restaurarlo para ponerlo en nuestra terraza con plantas que comprarlo en una tienda de suministros de carpinter\u00eda\u2026<\/li>\n\n\n<\/ul>\n\n\n\n\n<p style=\"text-align: justify;\">Y t\u00fa, \u00bfc\u00f3mo reciclas y disminuyes el impacto medioambiental? \u00bferes<em> mainstream? \u00bf<\/em>O amas lo natural por otro motivo? Sabemos que nos hemos dejado muchas razones en el tintero\u2026 Cu\u00e9ntanos la tuya y participa en nuestro nuevo concurso.<\/p>\n\n\n\n\n<h2 style=\"text-align: justify;\">CONCURSO\u00a0\u201cYO AMO LO NATURAL Y QU\u00c9\u201d<\/h2>\n\n\n\n\n<p style=\"text-align: justify;\">Si tienes una casa de \u00e1rbol, una ardilla de mascota\u00a0o un w\u00e1ter que recicla el agua del lavabo, participa cont\u00e1ndonos tu experiencia.\u00a0Dinos por qu\u00e9 tus amigos te consideran un \u201cNatural Lover\u201d y la raz\u00f3n por la que amas lo natural.<\/p>\n\n\n\n\n<p style=\"text-align: justify;\">Puedes ganar un\u00a0fant\u00e1stico premio: un\u00a0<strong>lote de productos Drasanvi<\/strong>\u00a0valorado en 50 euros y una caja Wondebox \u201cEscapada rom\u00e1ntica con sabor\u201d para dos personas que te permitir\u00e1 disfrutar de una estancia, por ejemplo, en una casona del S. XVII en Sevilla o en un alojamiento colonial en A Coru\u00f1a.<\/p>\n\n\n\n\n<h3 style=\"text-align: justify;\"><strong>Din\u00e1mica del concurso <span style=\"color: #ff0000;\">FINALIZADO<\/span><\/strong><\/h3>\n\n\n\n\n<p style=\"text-align: justify;\">Lo \u00fanico que tienes que hacer es seguir estos sencillos pasos en los comentarios de esta misma p\u00e1gina:<\/p>\n\n\n\n\n<ol style=\"text-align: justify;\">\n \t\n\n<li>Escribe en el campo de Comentario de este post<\/li>\n\n\n \t\n\n<li>Completa tus datos\u00a0(nombre, apellidos, email, etc).<\/li>\n\n\n \t\n\n<li>Cu\u00e9ntanos por qu\u00e9 amas t\u00fa lo natural<\/li>\n\n\n<\/ol>\n\n\n\n\n<p style=\"text-align: justify;\">Consulta\u00a0<span style=\"text-decoration: underline;\"><a href=\"http:\/\/yomecuidoyque.com\/wp-content\/uploads\/sites\/6\/2016\/06\/BASES-DEL-CONCURSO-Un-a%C3%B1o-de-razones-Yo-me-cuido-y-qu%C3%A9-JULIO.pdf\" target=\"_blank\" rel=\"noopener\">aqu\u00ed<\/a><\/span>\u00a0las bases de concurso. Si tienes cualquier duda o sugerencia escr\u00edbenos a\u00a0<a href=\"mailto:info@yomecuidoyque.com\"><strong>info@yomecuidoyque.com<\/strong><\/a><\/p>\n\n\n\n\n<p style=\"text-align: justify;\">\u00a0\u00a1Suerte!<\/p>\n\n]]>    \t<\/p>\n","protected":false},"excerpt":{"rendered":"<p>Las ciudades gestionan\u00a0huertos urbanos, se popularizan los destinos de vacaciones rurales, se recupera la artesan\u00eda as\u00ed como los procesos tradicionales<\/p>\n","protected":false},"author":2,"featured_media":2615,"comment_status":"closed","ping_status":"closed","sticky":false,"template":"","format":"standard","meta":{"inline_featured_image":false,"footnotes":""},"categories":[1],"tags":[],"class_list":["post-2614","post","type-post","status-publish","format-standard","has-post-thumbnail","hentry","category-uncategorized"],"yoast_head":"<!-- This site is optimized with the Yoast SEO plugin v27.5 - https:\/\/yoast.com\/product\/yoast-seo-wordpress\/ -->\n<title>Yo amo lo natural y qu\u00e9 - Drasanvi Portugal<\/title>\n<meta name=\"description\" content=\"En el nuevo concurso de &#039;Un a\u00f1o de razones yo Me Cuido y Qu\u00e9&#039;, hablamos de los motivos por los que amamos a la naturaleza. Cu\u00e9ntanos los tuyos y participa\" \/>\n<meta name=\"robots\" content=\"index, follow, max-snippet:-1, max-image-preview:large, max-video-preview:-1\" \/>\n<link rel=\"canonical\" href=\"https:\/\/drasanvi.com\/pt\/concurso-amo-naturaleza-y-que\/\" \/>\n<meta property=\"og:locale\" content=\"pt_PT\" \/>\n<meta property=\"og:type\" content=\"article\" \/>\n<meta property=\"og:title\" content=\"Yo amo lo natural y qu\u00e9 - Drasanvi Portugal\" \/>\n<meta property=\"og:description\" content=\"En el nuevo concurso de &#039;Un a\u00f1o de razones yo Me Cuido y Qu\u00e9&#039;, hablamos de los motivos por los que amamos a la naturaleza. Cu\u00e9ntanos los tuyos y participa\" \/>\n<meta property=\"og:url\" content=\"https:\/\/drasanvi.com\/pt\/concurso-amo-naturaleza-y-que\/\" \/>\n<meta property=\"og:site_name\" content=\"Drasanvi Portugal\" \/>\n<meta property=\"article:published_time\" content=\"2016-07-06T16:32:18+00:00\" \/>\n<meta property=\"og:image\" content=\"https:\/\/drasanvi.com\/wp-content\/uploads\/sites\/6\/2016\/07\/yomecuido_amo-la-naturaleza-y-que.jpg\" \/>\n\t<meta property=\"og:image:width\" content=\"850\" \/>\n\t<meta property=\"og:image:height\" content=\"440\" \/>\n\t<meta property=\"og:image:type\" content=\"image\/jpeg\" \/>\n<meta name=\"author\" content=\"Nuria\" \/>\n<meta name=\"twitter:card\" content=\"summary_large_image\" \/>\n<script type=\"application\/ld+json\" class=\"yoast-schema-graph\">{\"@context\":\"https:\\\/\\\/schema.org\",\"@graph\":[{\"@type\":\"Article\",\"@id\":\"https:\\\/\\\/drasanvi.com\\\/pt\\\/concurso-amo-naturaleza-y-que\\\/#article\",\"isPartOf\":{\"@id\":\"https:\\\/\\\/drasanvi.com\\\/pt\\\/concurso-amo-naturaleza-y-que\\\/\"},\"author\":{\"name\":\"Nuria\",\"@id\":\"https:\\\/\\\/drasanvi.com\\\/pt\\\/#\\\/schema\\\/person\\\/0540e70c77f6c6308596267b51fc57dc\"},\"headline\":\"Yo amo lo natural y qu\u00e9\",\"datePublished\":\"2016-07-06T16:32:18+00:00\",\"mainEntityOfPage\":{\"@id\":\"https:\\\/\\\/drasanvi.com\\\/pt\\\/concurso-amo-naturaleza-y-que\\\/\"},\"wordCount\":578,\"publisher\":{\"@id\":\"https:\\\/\\\/drasanvi.com\\\/pt\\\/#organization\"},\"image\":{\"@id\":\"https:\\\/\\\/drasanvi.com\\\/pt\\\/concurso-amo-naturaleza-y-que\\\/#primaryimage\"},\"thumbnailUrl\":\"https:\\\/\\\/drasanvi.com\\\/pt\\\/wp-content\\\/uploads\\\/sites\\\/6\\\/2016\\\/07\\\/yomecuido_amo-la-naturaleza-y-que.jpg\",\"articleSection\":[\"Uncategorized\"],\"inLanguage\":\"pt-PT\"},{\"@type\":\"WebPage\",\"@id\":\"https:\\\/\\\/drasanvi.com\\\/pt\\\/concurso-amo-naturaleza-y-que\\\/\",\"url\":\"https:\\\/\\\/drasanvi.com\\\/pt\\\/concurso-amo-naturaleza-y-que\\\/\",\"name\":\"Yo amo lo natural y qu\u00e9 - Drasanvi Portugal\",\"isPartOf\":{\"@id\":\"https:\\\/\\\/drasanvi.com\\\/pt\\\/#website\"},\"primaryImageOfPage\":{\"@id\":\"https:\\\/\\\/drasanvi.com\\\/pt\\\/concurso-amo-naturaleza-y-que\\\/#primaryimage\"},\"image\":{\"@id\":\"https:\\\/\\\/drasanvi.com\\\/pt\\\/concurso-amo-naturaleza-y-que\\\/#primaryimage\"},\"thumbnailUrl\":\"https:\\\/\\\/drasanvi.com\\\/pt\\\/wp-content\\\/uploads\\\/sites\\\/6\\\/2016\\\/07\\\/yomecuido_amo-la-naturaleza-y-que.jpg\",\"datePublished\":\"2016-07-06T16:32:18+00:00\",\"description\":\"En el nuevo concurso de 'Un a\u00f1o de razones yo Me Cuido y Qu\u00e9', hablamos de los motivos por los que amamos a la naturaleza. Cu\u00e9ntanos los tuyos y participa\",\"breadcrumb\":{\"@id\":\"https:\\\/\\\/drasanvi.com\\\/pt\\\/concurso-amo-naturaleza-y-que\\\/#breadcrumb\"},\"inLanguage\":\"pt-PT\",\"potentialAction\":[{\"@type\":\"ReadAction\",\"target\":[\"https:\\\/\\\/drasanvi.com\\\/pt\\\/concurso-amo-naturaleza-y-que\\\/\"]}]},{\"@type\":\"ImageObject\",\"inLanguage\":\"pt-PT\",\"@id\":\"https:\\\/\\\/drasanvi.com\\\/pt\\\/concurso-amo-naturaleza-y-que\\\/#primaryimage\",\"url\":\"https:\\\/\\\/drasanvi.com\\\/pt\\\/wp-content\\\/uploads\\\/sites\\\/6\\\/2016\\\/07\\\/yomecuido_amo-la-naturaleza-y-que.jpg\",\"contentUrl\":\"https:\\\/\\\/drasanvi.com\\\/pt\\\/wp-content\\\/uploads\\\/sites\\\/6\\\/2016\\\/07\\\/yomecuido_amo-la-naturaleza-y-que.jpg\",\"width\":850,\"height\":440,\"caption\":\"Nuevo concurso: dinos por qu\u00e9 eres amante de la naturaleza\"},{\"@type\":\"BreadcrumbList\",\"@id\":\"https:\\\/\\\/drasanvi.com\\\/pt\\\/concurso-amo-naturaleza-y-que\\\/#breadcrumb\",\"itemListElement\":[{\"@type\":\"ListItem\",\"position\":1,\"name\":\"Portada\",\"item\":\"https:\\\/\\\/drasanvi.com\\\/pt\\\/\"},{\"@type\":\"ListItem\",\"position\":2,\"name\":\"Yo amo lo natural y qu\u00e9\"}]},{\"@type\":\"WebSite\",\"@id\":\"https:\\\/\\\/drasanvi.com\\\/pt\\\/#website\",\"url\":\"https:\\\/\\\/drasanvi.com\\\/pt\\\/\",\"name\":\"Drasanvi Portugal\",\"description\":\"L\u00edder en complementos alimenticios y cosm\u00e9tica natural.\",\"publisher\":{\"@id\":\"https:\\\/\\\/drasanvi.com\\\/pt\\\/#organization\"},\"potentialAction\":[{\"@type\":\"SearchAction\",\"target\":{\"@type\":\"EntryPoint\",\"urlTemplate\":\"https:\\\/\\\/drasanvi.com\\\/pt\\\/?s={search_term_string}\"},\"query-input\":{\"@type\":\"PropertyValueSpecification\",\"valueRequired\":true,\"valueName\":\"search_term_string\"}}],\"inLanguage\":\"pt-PT\"},{\"@type\":\"Organization\",\"@id\":\"https:\\\/\\\/drasanvi.com\\\/pt\\\/#organization\",\"name\":\"Drasanvi\",\"url\":\"https:\\\/\\\/drasanvi.com\\\/pt\\\/\",\"logo\":{\"@type\":\"ImageObject\",\"inLanguage\":\"pt-PT\",\"@id\":\"https:\\\/\\\/drasanvi.com\\\/pt\\\/#\\\/schema\\\/logo\\\/image\\\/\",\"url\":\"https:\\\/\\\/drasanvi.com\\\/wp-content\\\/uploads\\\/sites\\\/6\\\/2021\\\/07\\\/logo-drasanvi.png\",\"contentUrl\":\"https:\\\/\\\/drasanvi.com\\\/wp-content\\\/uploads\\\/sites\\\/6\\\/2021\\\/07\\\/logo-drasanvi.png\",\"width\":900,\"height\":300,\"caption\":\"Drasanvi\"},\"image\":{\"@id\":\"https:\\\/\\\/drasanvi.com\\\/pt\\\/#\\\/schema\\\/logo\\\/image\\\/\"}},{\"@type\":\"Person\",\"@id\":\"https:\\\/\\\/drasanvi.com\\\/pt\\\/#\\\/schema\\\/person\\\/0540e70c77f6c6308596267b51fc57dc\",\"name\":\"Nuria\",\"image\":{\"@type\":\"ImageObject\",\"inLanguage\":\"pt-PT\",\"@id\":\"https:\\\/\\\/secure.gravatar.com\\\/avatar\\\/85760e8e3727599ce0b35a971bd9c81c64679f000057684172cb773dd3648789?s=96&d=mm&r=g\",\"url\":\"https:\\\/\\\/secure.gravatar.com\\\/avatar\\\/85760e8e3727599ce0b35a971bd9c81c64679f000057684172cb773dd3648789?s=96&d=mm&r=g\",\"contentUrl\":\"https:\\\/\\\/secure.gravatar.com\\\/avatar\\\/85760e8e3727599ce0b35a971bd9c81c64679f000057684172cb773dd3648789?s=96&d=mm&r=g\",\"caption\":\"Nuria\"}}]}<\/script>\n<!-- \/ Yoast SEO plugin. -->","yoast_head_json":{"title":"Yo amo lo natural y qu\u00e9 - Drasanvi Portugal","description":"En el nuevo concurso de 'Un a\u00f1o de razones yo Me Cuido y Qu\u00e9', hablamos de los motivos por los que amamos a la naturaleza. Cu\u00e9ntanos los tuyos y participa","robots":{"index":"index","follow":"follow","max-snippet":"max-snippet:-1","max-image-preview":"max-image-preview:large","max-video-preview":"max-video-preview:-1"},"canonical":"https:\/\/drasanvi.com\/pt\/concurso-amo-naturaleza-y-que\/","og_locale":"pt_PT","og_type":"article","og_title":"Yo amo lo natural y qu\u00e9 - Drasanvi Portugal","og_description":"En el nuevo concurso de 'Un a\u00f1o de razones yo Me Cuido y Qu\u00e9', hablamos de los motivos por los que amamos a la naturaleza. Cu\u00e9ntanos los tuyos y participa","og_url":"https:\/\/drasanvi.com\/pt\/concurso-amo-naturaleza-y-que\/","og_site_name":"Drasanvi Portugal","article_published_time":"2016-07-06T16:32:18+00:00","og_image":[{"width":850,"height":440,"url":"https:\/\/drasanvi.com\/wp-content\/uploads\/sites\/6\/2016\/07\/yomecuido_amo-la-naturaleza-y-que.jpg","type":"image\/jpeg"}],"author":"Nuria","twitter_card":"summary_large_image","schema":{"@context":"https:\/\/schema.org","@graph":[{"@type":"Article","@id":"https:\/\/drasanvi.com\/pt\/concurso-amo-naturaleza-y-que\/#article","isPartOf":{"@id":"https:\/\/drasanvi.com\/pt\/concurso-amo-naturaleza-y-que\/"},"author":{"name":"Nuria","@id":"https:\/\/drasanvi.com\/pt\/#\/schema\/person\/0540e70c77f6c6308596267b51fc57dc"},"headline":"Yo amo lo natural y qu\u00e9","datePublished":"2016-07-06T16:32:18+00:00","mainEntityOfPage":{"@id":"https:\/\/drasanvi.com\/pt\/concurso-amo-naturaleza-y-que\/"},"wordCount":578,"publisher":{"@id":"https:\/\/drasanvi.com\/pt\/#organization"},"image":{"@id":"https:\/\/drasanvi.com\/pt\/concurso-amo-naturaleza-y-que\/#primaryimage"},"thumbnailUrl":"https:\/\/drasanvi.com\/pt\/wp-content\/uploads\/sites\/6\/2016\/07\/yomecuido_amo-la-naturaleza-y-que.jpg","articleSection":["Uncategorized"],"inLanguage":"pt-PT"},{"@type":"WebPage","@id":"https:\/\/drasanvi.com\/pt\/concurso-amo-naturaleza-y-que\/","url":"https:\/\/drasanvi.com\/pt\/concurso-amo-naturaleza-y-que\/","name":"Yo amo lo natural y qu\u00e9 - Drasanvi Portugal","isPartOf":{"@id":"https:\/\/drasanvi.com\/pt\/#website"},"primaryImageOfPage":{"@id":"https:\/\/drasanvi.com\/pt\/concurso-amo-naturaleza-y-que\/#primaryimage"},"image":{"@id":"https:\/\/drasanvi.com\/pt\/concurso-amo-naturaleza-y-que\/#primaryimage"},"thumbnailUrl":"https:\/\/drasanvi.com\/pt\/wp-content\/uploads\/sites\/6\/2016\/07\/yomecuido_amo-la-naturaleza-y-que.jpg","datePublished":"2016-07-06T16:32:18+00:00","description":"En el nuevo concurso de 'Un a\u00f1o de razones yo Me Cuido y Qu\u00e9', hablamos de los motivos por los que amamos a la naturaleza. Cu\u00e9ntanos los tuyos y participa","breadcrumb":{"@id":"https:\/\/drasanvi.com\/pt\/concurso-amo-naturaleza-y-que\/#breadcrumb"},"inLanguage":"pt-PT","potentialAction":[{"@type":"ReadAction","target":["https:\/\/drasanvi.com\/pt\/concurso-amo-naturaleza-y-que\/"]}]},{"@type":"ImageObject","inLanguage":"pt-PT","@id":"https:\/\/drasanvi.com\/pt\/concurso-amo-naturaleza-y-que\/#primaryimage","url":"https:\/\/drasanvi.com\/pt\/wp-content\/uploads\/sites\/6\/2016\/07\/yomecuido_amo-la-naturaleza-y-que.jpg","contentUrl":"https:\/\/drasanvi.com\/pt\/wp-content\/uploads\/sites\/6\/2016\/07\/yomecuido_amo-la-naturaleza-y-que.jpg","width":850,"height":440,"caption":"Nuevo concurso: dinos por qu\u00e9 eres amante de la naturaleza"},{"@type":"BreadcrumbList","@id":"https:\/\/drasanvi.com\/pt\/concurso-amo-naturaleza-y-que\/#breadcrumb","itemListElement":[{"@type":"ListItem","position":1,"name":"Portada","item":"https:\/\/drasanvi.com\/pt\/"},{"@type":"ListItem","position":2,"name":"Yo amo lo natural y qu\u00e9"}]},{"@type":"WebSite","@id":"https:\/\/drasanvi.com\/pt\/#website","url":"https:\/\/drasanvi.com\/pt\/","name":"Drasanvi Portugal","description":"L\u00edder en complementos alimenticios y cosm\u00e9tica natural.","publisher":{"@id":"https:\/\/drasanvi.com\/pt\/#organization"},"potentialAction":[{"@type":"SearchAction","target":{"@type":"EntryPoint","urlTemplate":"https:\/\/drasanvi.com\/pt\/?s={search_term_string}"},"query-input":{"@type":"PropertyValueSpecification","valueRequired":true,"valueName":"search_term_string"}}],"inLanguage":"pt-PT"},{"@type":"Organization","@id":"https:\/\/drasanvi.com\/pt\/#organization","name":"Drasanvi","url":"https:\/\/drasanvi.com\/pt\/","logo":{"@type":"ImageObject","inLanguage":"pt-PT","@id":"https:\/\/drasanvi.com\/pt\/#\/schema\/logo\/image\/","url":"https:\/\/drasanvi.com\/wp-content\/uploads\/sites\/6\/2021\/07\/logo-drasanvi.png","contentUrl":"https:\/\/drasanvi.com\/wp-content\/uploads\/sites\/6\/2021\/07\/logo-drasanvi.png","width":900,"height":300,"caption":"Drasanvi"},"image":{"@id":"https:\/\/drasanvi.com\/pt\/#\/schema\/logo\/image\/"}},{"@type":"Person","@id":"https:\/\/drasanvi.com\/pt\/#\/schema\/person\/0540e70c77f6c6308596267b51fc57dc","name":"Nuria","image":{"@type":"ImageObject","inLanguage":"pt-PT","@id":"https:\/\/secure.gravatar.com\/avatar\/85760e8e3727599ce0b35a971bd9c81c64679f000057684172cb773dd3648789?s=96&d=mm&r=g","url":"https:\/\/secure.gravatar.com\/avatar\/85760e8e3727599ce0b35a971bd9c81c64679f000057684172cb773dd3648789?s=96&d=mm&r=g","contentUrl":"https:\/\/secure.gravatar.com\/avatar\/85760e8e3727599ce0b35a971bd9c81c64679f000057684172cb773dd3648789?s=96&d=mm&r=g","caption":"Nuria"}}]}},"_links":{"self":[{"href":"https:\/\/drasanvi.com\/pt\/wp-json\/wp\/v2\/posts\/2614","targetHints":{"allow":["GET"]}}],"collection":[{"href":"https:\/\/drasanvi.com\/pt\/wp-json\/wp\/v2\/posts"}],"about":[{"href":"https:\/\/drasanvi.com\/pt\/wp-json\/wp\/v2\/types\/post"}],"author":[{"embeddable":true,"href":"https:\/\/drasanvi.com\/pt\/wp-json\/wp\/v2\/users\/2"}],"replies":[{"embeddable":true,"href":"https:\/\/drasanvi.com\/pt\/wp-json\/wp\/v2\/comments?post=2614"}],"version-history":[{"count":0,"href":"https:\/\/drasanvi.com\/pt\/wp-json\/wp\/v2\/posts\/2614\/revisions"}],"wp:featuredmedia":[{"embeddable":true,"href":"https:\/\/drasanvi.com\/pt\/wp-json\/wp\/v2\/media\/2615"}],"wp:attachment":[{"href":"https:\/\/drasanvi.com\/pt\/wp-json\/wp\/v2\/media?parent=2614"}],"wp:term":[{"taxonomy":"category","embeddable":true,"href":"https:\/\/drasanvi.com\/pt\/wp-json\/wp\/v2\/categories?post=2614"},{"taxonomy":"post_tag","embeddable":true,"href":"https:\/\/drasanvi.com\/pt\/wp-json\/wp\/v2\/tags?post=2614"}],"curies":[{"name":"wp","href":"https:\/\/api.w.org\/{rel}","templated":true}]}}