{"id":16326,"date":"2022-01-10T12:46:14","date_gmt":"2022-01-10T10:46:14","guid":{"rendered":"https:\/\/drasanvi.com\/pt\/drasanvi-presenta-sus-novedades-y-proyectos-en-infarma-2018\/"},"modified":"2022-01-10T12:46:14","modified_gmt":"2022-01-10T10:46:14","slug":"drasanvi-presenta-sus-novedades-y-proyectos-en-infarma-2018","status":"publish","type":"post","link":"https:\/\/drasanvi.com\/pt\/drasanvi-presenta-sus-novedades-y-proyectos-en-infarma-2018\/","title":{"rendered":"Drasanvi presenta sus novedades y proyectos en Infarma 2018"},"content":{"rendered":"<p>Stand de Drasanvi en InfarmaEl Congreso Europeo de Oficina de Farmacia (Infarma) ha clausurado su edici\u00f3n 2018 logrando un nuevo r\u00e9cord traducido en cifras: 35.000 metros cuadrados de exposici\u00f3n, 34.000 visitas de profesionales y m\u00e1s de 3.400 congresistas que han acudido a las sesiones formativas, lo que supone un aumento del 20% con respecto al \u00faltimo Sal\u00f3n celebrado en Madrid en 2016.A estos datos hay que sumar la participaci\u00f3n de cerca de 400 empresas y laboratorios relacionados con el sector, entre los que se encontraba Drasanvi, que form\u00f3 parte activa de la Feria durante sus tres d\u00edas de celebraci\u00f3n (entre el 13 y el 15 de marzo) con un amplio stand de m\u00e1s de 56 metros cuadrados dise\u00f1ado para la ocasi\u00f3n y enfocado un nuevo plan de negocio denominado NaeturaPharma. El nuevo modelo de negocio de Drasanvi para farmacias denominado NaeturaPharma\u00a0\u00a0\u00a0\u00a0Bajo este nombre, la compa\u00f1\u00eda l\u00edder en el sector de los complementos alimenticios y la cosm\u00e9tica ecol\u00f3gica pretende ampliar y unificar su presencia en las farmacias de toda Espa\u00f1a otorg\u00e1ndoles mayor identidad, calidad e innovaci\u00f3n.De esta forma, adem\u00e1s de poner a disposici\u00f3n de los profesionales farmac\u00e9uticos el amplio cat\u00e1logo de productos (m\u00e1s de 400 referencias), Drasanvi ha desarrollado un proyecto en el que tambi\u00e9n incluye mobiliario y material expositivo, asesoramiento dermocosm\u00e9tico con estudios de piel y cabello, tratamientos, charlas y formaci\u00f3n, as\u00ed como apoyo de una health coach en punto de venta. Una de las zonas de venta del stand de Drasanvi de Infarma 2018 El stand de Drasanvi en Infarma 2018Actualmente, la marca Drasanvi ya est\u00e1 instalada en m\u00e1s de 2.500 farmacias que conf\u00edan en nosotros desde hace a\u00f1os, lo que anima a su gerente a seguir apostando por un sector que &#8220;&#8221;cada vez apuesta m\u00e1s por la innovaci\u00f3n y que busca adaptarse a las nuevas realidades sociales y tecnol\u00f3gicas&#8221;&#8221;.No cabe duda, que los complementos alimenticios y la cosm\u00e9tica ecol\u00f3gica han conseguido hacerse un hueco en este sector debido a la demanda de los consumidores y a su preocupaci\u00f3n por la salud y el bienestar, apostando por ingredientes naturales, de m\u00e1xima eficacia y calidad y sometidos a procesos que respeten el Medio Ambiente.Durante los tres d\u00edas de Infarma 2018, Drasanvi estuvo representado por un amplio equipo de comerciales y responsables de investigaci\u00f3n, desarrollo y marketing, entre otras \u00e1reas, dispuestos a mostrar todas las novedades de la compa\u00f1\u00eda y a abrir nuevas v\u00edas de mercado, objetivos que han sido cumplidos con gran satisfacci\u00f3n. Parte del equipo de Drasanvi trasladado a Infarma 2018 de las \u00e1reas comerciales, de marketing, desarrollo e investigaci\u00f3n, producci\u00f3n e internacional. Una de las zonas de venta del stand de Drasanvi de Infarma&#8221;&#8221;El inter\u00e9s por Drasanvi y sus productos ha estado patente durante el Sal\u00f3n, con miles de visitas diarias al stand, numerosos acuerdos cerrados y la firme intenci\u00f3n de seguir participando en encuentros profesionales como estos, que nos ayudan a estar al d\u00eda de los cambios que sufre el sector y a seguir mejorando d\u00eda a d\u00eda, porque el mundo de la Farmacia aspira a continuar creciendo&#8221;&#8221;.Por su parte, el presidente de Infarma anunci\u00f3 que la pr\u00f3xima edici\u00f3n del Sal\u00f3n se celebrar\u00e1 en Barcelona entre el 12 y el 14 de 2019 &#8220;&#8221;con el doble reto de mejorar y hacer m\u00e1s sabio el Congreso y Sal\u00f3n farmac\u00e9utico&#8221;&#8221;.Drasanvi: una identidad cercana e innovadoraUno de los retos m\u00e1s importantes para Drasanvi en esta feria era volver a mostrar su identidad y los valores de la compa\u00f1\u00eda a trav\u00e9s de su imagen corporativa y de marca.Por ello, la proyecci\u00f3n y organizaci\u00f3n del stand, que ocupaba unos 56 metros cuadrados, ha sido uno de los puntos clave en todo este proceso.Con un dise\u00f1o actual, contempor\u00e1neo y arquitect\u00f3nico, basado en formas curvas para transmitir cercan\u00eda con el p\u00fablico, la compa\u00f1\u00eda dispuso una amplia zona de exposici\u00f3n de sus principales l\u00edneas y productos, diferenciando una parte para la atenci\u00f3n y otra para la venta.La Responsable de Proyectos de Drasanvi, Mar\u00eda Mallada, define muy bien el concepto de la compa\u00f1\u00eda y de los espacios que se proyectan a nivel nacional e internacional. &#8220;&#8221;Al igual que en anteriores ocasiones, en este stand intentamos que el cliente compre el producto y la marca por su calidad, pero tambi\u00e9n porque le despierta buenas sensaciones y emociones&#8221;&#8221;. En Drasanvi siempre se busca &#8220;&#8221;crear un v\u00ednculo duradero con el cliente&#8221;&#8221;, reforzado gracias al equipo de profesionales que forman parte de la empresa.Mallada explica que &#8220;&#8221;la armon\u00eda del espacio es diferenciadora gracias a la combinaci\u00f3n del color blanco neutro con una iluminaci\u00f3n en tonos morados relacionados con la belleza y bienestar&#8221;&#8221;. En este sentido, la Responsable de Proyectos reconoce que el protagonismo de los productos siempre ha de ir por delante de cualquier elemento decorativo en cada uno de los stands y puntos de venta, &#8220;&#8221;porque el mensaje siempre debe ser limpio y directo&#8221;&#8221;. La Responsable de Proyectos de Drasanvi, Mar\u00eda Mallada, en Infarma.Una de las principales novedades en el stand dise\u00f1ado para Infarma 2018 fue la instalaci\u00f3n de una pantalla LED de 3&#215;2 metros, donde los visitantes pudieron conocer las entra\u00f1as de Drasanvi desde Madrid. Todo un \u00e9xito que ayud\u00f3 a la compa\u00f1\u00eda a dar mayor visibilidad a el trabajo que se realiza d\u00eda a d\u00eda en sus instalaciones.Proceso de montaje del stand: Vista general del stand de Drasanvi en Infarma, que ocupaba unos 56 metros cuadrados.<\/p>\n","protected":false},"excerpt":{"rendered":"<p>Stand de Drasanvi en InfarmaEl Congreso Europeo de Oficina de Farmacia (Infarma) ha clausurado su edici\u00f3n 2018 logrando un nuevo<\/p>\n","protected":false},"author":1,"featured_media":16327,"comment_status":"open","ping_status":"closed","sticky":false,"template":"","format":"standard","meta":{"inline_featured_image":false,"footnotes":""},"categories":[1259],"tags":[],"class_list":["post-16326","post","type-post","status-publish","format-standard","has-post-thumbnail","hentry","category-noticias"],"yoast_head":"<!-- This site is optimized with the Yoast SEO plugin v27.5 - https:\/\/yoast.com\/product\/yoast-seo-wordpress\/ -->\n<title>Drasanvi presenta sus novedades y proyectos en Infarma 2018 - Drasanvi Portugal<\/title>\n<meta name=\"robots\" content=\"index, follow, max-snippet:-1, max-image-preview:large, max-video-preview:-1\" \/>\n<link rel=\"canonical\" href=\"https:\/\/drasanvi.com\/pt\/drasanvi-presenta-sus-novedades-y-proyectos-en-infarma-2018\/\" \/>\n<meta property=\"og:locale\" content=\"pt_PT\" \/>\n<meta property=\"og:type\" content=\"article\" \/>\n<meta property=\"og:title\" content=\"Drasanvi presenta sus novedades y proyectos en Infarma 2018 - Drasanvi Portugal\" \/>\n<meta property=\"og:description\" content=\"Stand de Drasanvi en InfarmaEl Congreso Europeo de Oficina de Farmacia (Infarma) ha clausurado su edici\u00f3n 2018 logrando un nuevo\" \/>\n<meta property=\"og:url\" content=\"https:\/\/drasanvi.com\/pt\/drasanvi-presenta-sus-novedades-y-proyectos-en-infarma-2018\/\" \/>\n<meta property=\"og:site_name\" content=\"Drasanvi Portugal\" \/>\n<meta property=\"article:published_time\" content=\"2022-01-10T10:46:14+00:00\" \/>\n<meta property=\"og:image\" content=\"https:\/\/drasanvi.com\/wp-content\/uploads\/sites\/6\/2022\/01\/article_248.jpg\" \/>\n\t<meta property=\"og:image:width\" content=\"600\" \/>\n\t<meta property=\"og:image:height\" content=\"427\" \/>\n\t<meta property=\"og:image:type\" content=\"image\/jpeg\" \/>\n<meta name=\"author\" content=\"Luis Javier\" \/>\n<meta name=\"twitter:card\" content=\"summary_large_image\" \/>\n<script type=\"application\/ld+json\" class=\"yoast-schema-graph\">{\"@context\":\"https:\\\/\\\/schema.org\",\"@graph\":[{\"@type\":\"Article\",\"@id\":\"https:\\\/\\\/drasanvi.com\\\/pt\\\/drasanvi-presenta-sus-novedades-y-proyectos-en-infarma-2018\\\/#article\",\"isPartOf\":{\"@id\":\"https:\\\/\\\/drasanvi.com\\\/pt\\\/drasanvi-presenta-sus-novedades-y-proyectos-en-infarma-2018\\\/\"},\"author\":{\"name\":\"Luis Javier\",\"@id\":\"https:\\\/\\\/drasanvi.com\\\/pt\\\/#\\\/schema\\\/person\\\/cfa874c75aa9a9b97a56db30a0fa27c1\"},\"headline\":\"Drasanvi presenta sus novedades y proyectos en Infarma 2018\",\"datePublished\":\"2022-01-10T10:46:14+00:00\",\"mainEntityOfPage\":{\"@id\":\"https:\\\/\\\/drasanvi.com\\\/pt\\\/drasanvi-presenta-sus-novedades-y-proyectos-en-infarma-2018\\\/\"},\"wordCount\":963,\"commentCount\":0,\"publisher\":{\"@id\":\"https:\\\/\\\/drasanvi.com\\\/pt\\\/#organization\"},\"image\":{\"@id\":\"https:\\\/\\\/drasanvi.com\\\/pt\\\/drasanvi-presenta-sus-novedades-y-proyectos-en-infarma-2018\\\/#primaryimage\"},\"thumbnailUrl\":\"https:\\\/\\\/drasanvi.com\\\/pt\\\/wp-content\\\/uploads\\\/sites\\\/6\\\/2022\\\/01\\\/article_248.jpg\",\"articleSection\":[\"Noticias\"],\"inLanguage\":\"pt-PT\",\"potentialAction\":[{\"@type\":\"CommentAction\",\"name\":\"Comment\",\"target\":[\"https:\\\/\\\/drasanvi.com\\\/pt\\\/drasanvi-presenta-sus-novedades-y-proyectos-en-infarma-2018\\\/#respond\"]}]},{\"@type\":\"WebPage\",\"@id\":\"https:\\\/\\\/drasanvi.com\\\/pt\\\/drasanvi-presenta-sus-novedades-y-proyectos-en-infarma-2018\\\/\",\"url\":\"https:\\\/\\\/drasanvi.com\\\/pt\\\/drasanvi-presenta-sus-novedades-y-proyectos-en-infarma-2018\\\/\",\"name\":\"Drasanvi presenta sus novedades y proyectos en Infarma 2018 - Drasanvi Portugal\",\"isPartOf\":{\"@id\":\"https:\\\/\\\/drasanvi.com\\\/pt\\\/#website\"},\"primaryImageOfPage\":{\"@id\":\"https:\\\/\\\/drasanvi.com\\\/pt\\\/drasanvi-presenta-sus-novedades-y-proyectos-en-infarma-2018\\\/#primaryimage\"},\"image\":{\"@id\":\"https:\\\/\\\/drasanvi.com\\\/pt\\\/drasanvi-presenta-sus-novedades-y-proyectos-en-infarma-2018\\\/#primaryimage\"},\"thumbnailUrl\":\"https:\\\/\\\/drasanvi.com\\\/pt\\\/wp-content\\\/uploads\\\/sites\\\/6\\\/2022\\\/01\\\/article_248.jpg\",\"datePublished\":\"2022-01-10T10:46:14+00:00\",\"breadcrumb\":{\"@id\":\"https:\\\/\\\/drasanvi.com\\\/pt\\\/drasanvi-presenta-sus-novedades-y-proyectos-en-infarma-2018\\\/#breadcrumb\"},\"inLanguage\":\"pt-PT\",\"potentialAction\":[{\"@type\":\"ReadAction\",\"target\":[\"https:\\\/\\\/drasanvi.com\\\/pt\\\/drasanvi-presenta-sus-novedades-y-proyectos-en-infarma-2018\\\/\"]}]},{\"@type\":\"ImageObject\",\"inLanguage\":\"pt-PT\",\"@id\":\"https:\\\/\\\/drasanvi.com\\\/pt\\\/drasanvi-presenta-sus-novedades-y-proyectos-en-infarma-2018\\\/#primaryimage\",\"url\":\"https:\\\/\\\/drasanvi.com\\\/pt\\\/wp-content\\\/uploads\\\/sites\\\/6\\\/2022\\\/01\\\/article_248.jpg\",\"contentUrl\":\"https:\\\/\\\/drasanvi.com\\\/pt\\\/wp-content\\\/uploads\\\/sites\\\/6\\\/2022\\\/01\\\/article_248.jpg\",\"width\":600,\"height\":427},{\"@type\":\"BreadcrumbList\",\"@id\":\"https:\\\/\\\/drasanvi.com\\\/pt\\\/drasanvi-presenta-sus-novedades-y-proyectos-en-infarma-2018\\\/#breadcrumb\",\"itemListElement\":[{\"@type\":\"ListItem\",\"position\":1,\"name\":\"Portada\",\"item\":\"https:\\\/\\\/drasanvi.com\\\/pt\\\/\"},{\"@type\":\"ListItem\",\"position\":2,\"name\":\"Drasanvi presenta sus novedades y proyectos en Infarma 2018\"}]},{\"@type\":\"WebSite\",\"@id\":\"https:\\\/\\\/drasanvi.com\\\/pt\\\/#website\",\"url\":\"https:\\\/\\\/drasanvi.com\\\/pt\\\/\",\"name\":\"Drasanvi Portugal\",\"description\":\"L\u00edder en complementos alimenticios y cosm\u00e9tica natural.\",\"publisher\":{\"@id\":\"https:\\\/\\\/drasanvi.com\\\/pt\\\/#organization\"},\"potentialAction\":[{\"@type\":\"SearchAction\",\"target\":{\"@type\":\"EntryPoint\",\"urlTemplate\":\"https:\\\/\\\/drasanvi.com\\\/pt\\\/?s={search_term_string}\"},\"query-input\":{\"@type\":\"PropertyValueSpecification\",\"valueRequired\":true,\"valueName\":\"search_term_string\"}}],\"inLanguage\":\"pt-PT\"},{\"@type\":\"Organization\",\"@id\":\"https:\\\/\\\/drasanvi.com\\\/pt\\\/#organization\",\"name\":\"Drasanvi\",\"url\":\"https:\\\/\\\/drasanvi.com\\\/pt\\\/\",\"logo\":{\"@type\":\"ImageObject\",\"inLanguage\":\"pt-PT\",\"@id\":\"https:\\\/\\\/drasanvi.com\\\/pt\\\/#\\\/schema\\\/logo\\\/image\\\/\",\"url\":\"https:\\\/\\\/drasanvi.com\\\/wp-content\\\/uploads\\\/sites\\\/6\\\/2021\\\/07\\\/logo-drasanvi.png\",\"contentUrl\":\"https:\\\/\\\/drasanvi.com\\\/wp-content\\\/uploads\\\/sites\\\/6\\\/2021\\\/07\\\/logo-drasanvi.png\",\"width\":900,\"height\":300,\"caption\":\"Drasanvi\"},\"image\":{\"@id\":\"https:\\\/\\\/drasanvi.com\\\/pt\\\/#\\\/schema\\\/logo\\\/image\\\/\"}},{\"@type\":\"Person\",\"@id\":\"https:\\\/\\\/drasanvi.com\\\/pt\\\/#\\\/schema\\\/person\\\/cfa874c75aa9a9b97a56db30a0fa27c1\",\"name\":\"Luis Javier\",\"image\":{\"@type\":\"ImageObject\",\"inLanguage\":\"pt-PT\",\"@id\":\"https:\\\/\\\/secure.gravatar.com\\\/avatar\\\/00c0ec51734f10561961fa73f9eddf08359aa471795719c7cfae186e36308179?s=96&d=mm&r=g\",\"url\":\"https:\\\/\\\/secure.gravatar.com\\\/avatar\\\/00c0ec51734f10561961fa73f9eddf08359aa471795719c7cfae186e36308179?s=96&d=mm&r=g\",\"contentUrl\":\"https:\\\/\\\/secure.gravatar.com\\\/avatar\\\/00c0ec51734f10561961fa73f9eddf08359aa471795719c7cfae186e36308179?s=96&d=mm&r=g\",\"caption\":\"Luis Javier\"},\"sameAs\":[\"https:\\\/\\\/drasanvi.com\"]}]}<\/script>\n<!-- \/ Yoast SEO plugin. -->","yoast_head_json":{"title":"Drasanvi presenta sus novedades y proyectos en Infarma 2018 - Drasanvi Portugal","robots":{"index":"index","follow":"follow","max-snippet":"max-snippet:-1","max-image-preview":"max-image-preview:large","max-video-preview":"max-video-preview:-1"},"canonical":"https:\/\/drasanvi.com\/pt\/drasanvi-presenta-sus-novedades-y-proyectos-en-infarma-2018\/","og_locale":"pt_PT","og_type":"article","og_title":"Drasanvi presenta sus novedades y proyectos en Infarma 2018 - Drasanvi Portugal","og_description":"Stand de Drasanvi en InfarmaEl Congreso Europeo de Oficina de Farmacia (Infarma) ha clausurado su edici\u00f3n 2018 logrando un nuevo","og_url":"https:\/\/drasanvi.com\/pt\/drasanvi-presenta-sus-novedades-y-proyectos-en-infarma-2018\/","og_site_name":"Drasanvi Portugal","article_published_time":"2022-01-10T10:46:14+00:00","og_image":[{"width":600,"height":427,"url":"https:\/\/drasanvi.com\/wp-content\/uploads\/sites\/6\/2022\/01\/article_248.jpg","type":"image\/jpeg"}],"author":"Luis Javier","twitter_card":"summary_large_image","schema":{"@context":"https:\/\/schema.org","@graph":[{"@type":"Article","@id":"https:\/\/drasanvi.com\/pt\/drasanvi-presenta-sus-novedades-y-proyectos-en-infarma-2018\/#article","isPartOf":{"@id":"https:\/\/drasanvi.com\/pt\/drasanvi-presenta-sus-novedades-y-proyectos-en-infarma-2018\/"},"author":{"name":"Luis Javier","@id":"https:\/\/drasanvi.com\/pt\/#\/schema\/person\/cfa874c75aa9a9b97a56db30a0fa27c1"},"headline":"Drasanvi presenta sus novedades y proyectos en Infarma 2018","datePublished":"2022-01-10T10:46:14+00:00","mainEntityOfPage":{"@id":"https:\/\/drasanvi.com\/pt\/drasanvi-presenta-sus-novedades-y-proyectos-en-infarma-2018\/"},"wordCount":963,"commentCount":0,"publisher":{"@id":"https:\/\/drasanvi.com\/pt\/#organization"},"image":{"@id":"https:\/\/drasanvi.com\/pt\/drasanvi-presenta-sus-novedades-y-proyectos-en-infarma-2018\/#primaryimage"},"thumbnailUrl":"https:\/\/drasanvi.com\/pt\/wp-content\/uploads\/sites\/6\/2022\/01\/article_248.jpg","articleSection":["Noticias"],"inLanguage":"pt-PT","potentialAction":[{"@type":"CommentAction","name":"Comment","target":["https:\/\/drasanvi.com\/pt\/drasanvi-presenta-sus-novedades-y-proyectos-en-infarma-2018\/#respond"]}]},{"@type":"WebPage","@id":"https:\/\/drasanvi.com\/pt\/drasanvi-presenta-sus-novedades-y-proyectos-en-infarma-2018\/","url":"https:\/\/drasanvi.com\/pt\/drasanvi-presenta-sus-novedades-y-proyectos-en-infarma-2018\/","name":"Drasanvi presenta sus novedades y proyectos en Infarma 2018 - Drasanvi Portugal","isPartOf":{"@id":"https:\/\/drasanvi.com\/pt\/#website"},"primaryImageOfPage":{"@id":"https:\/\/drasanvi.com\/pt\/drasanvi-presenta-sus-novedades-y-proyectos-en-infarma-2018\/#primaryimage"},"image":{"@id":"https:\/\/drasanvi.com\/pt\/drasanvi-presenta-sus-novedades-y-proyectos-en-infarma-2018\/#primaryimage"},"thumbnailUrl":"https:\/\/drasanvi.com\/pt\/wp-content\/uploads\/sites\/6\/2022\/01\/article_248.jpg","datePublished":"2022-01-10T10:46:14+00:00","breadcrumb":{"@id":"https:\/\/drasanvi.com\/pt\/drasanvi-presenta-sus-novedades-y-proyectos-en-infarma-2018\/#breadcrumb"},"inLanguage":"pt-PT","potentialAction":[{"@type":"ReadAction","target":["https:\/\/drasanvi.com\/pt\/drasanvi-presenta-sus-novedades-y-proyectos-en-infarma-2018\/"]}]},{"@type":"ImageObject","inLanguage":"pt-PT","@id":"https:\/\/drasanvi.com\/pt\/drasanvi-presenta-sus-novedades-y-proyectos-en-infarma-2018\/#primaryimage","url":"https:\/\/drasanvi.com\/pt\/wp-content\/uploads\/sites\/6\/2022\/01\/article_248.jpg","contentUrl":"https:\/\/drasanvi.com\/pt\/wp-content\/uploads\/sites\/6\/2022\/01\/article_248.jpg","width":600,"height":427},{"@type":"BreadcrumbList","@id":"https:\/\/drasanvi.com\/pt\/drasanvi-presenta-sus-novedades-y-proyectos-en-infarma-2018\/#breadcrumb","itemListElement":[{"@type":"ListItem","position":1,"name":"Portada","item":"https:\/\/drasanvi.com\/pt\/"},{"@type":"ListItem","position":2,"name":"Drasanvi presenta sus novedades y proyectos en Infarma 2018"}]},{"@type":"WebSite","@id":"https:\/\/drasanvi.com\/pt\/#website","url":"https:\/\/drasanvi.com\/pt\/","name":"Drasanvi Portugal","description":"L\u00edder en complementos alimenticios y cosm\u00e9tica natural.","publisher":{"@id":"https:\/\/drasanvi.com\/pt\/#organization"},"potentialAction":[{"@type":"SearchAction","target":{"@type":"EntryPoint","urlTemplate":"https:\/\/drasanvi.com\/pt\/?s={search_term_string}"},"query-input":{"@type":"PropertyValueSpecification","valueRequired":true,"valueName":"search_term_string"}}],"inLanguage":"pt-PT"},{"@type":"Organization","@id":"https:\/\/drasanvi.com\/pt\/#organization","name":"Drasanvi","url":"https:\/\/drasanvi.com\/pt\/","logo":{"@type":"ImageObject","inLanguage":"pt-PT","@id":"https:\/\/drasanvi.com\/pt\/#\/schema\/logo\/image\/","url":"https:\/\/drasanvi.com\/wp-content\/uploads\/sites\/6\/2021\/07\/logo-drasanvi.png","contentUrl":"https:\/\/drasanvi.com\/wp-content\/uploads\/sites\/6\/2021\/07\/logo-drasanvi.png","width":900,"height":300,"caption":"Drasanvi"},"image":{"@id":"https:\/\/drasanvi.com\/pt\/#\/schema\/logo\/image\/"}},{"@type":"Person","@id":"https:\/\/drasanvi.com\/pt\/#\/schema\/person\/cfa874c75aa9a9b97a56db30a0fa27c1","name":"Luis Javier","image":{"@type":"ImageObject","inLanguage":"pt-PT","@id":"https:\/\/secure.gravatar.com\/avatar\/00c0ec51734f10561961fa73f9eddf08359aa471795719c7cfae186e36308179?s=96&d=mm&r=g","url":"https:\/\/secure.gravatar.com\/avatar\/00c0ec51734f10561961fa73f9eddf08359aa471795719c7cfae186e36308179?s=96&d=mm&r=g","contentUrl":"https:\/\/secure.gravatar.com\/avatar\/00c0ec51734f10561961fa73f9eddf08359aa471795719c7cfae186e36308179?s=96&d=mm&r=g","caption":"Luis Javier"},"sameAs":["https:\/\/drasanvi.com"]}]}},"_links":{"self":[{"href":"https:\/\/drasanvi.com\/pt\/wp-json\/wp\/v2\/posts\/16326","targetHints":{"allow":["GET"]}}],"collection":[{"href":"https:\/\/drasanvi.com\/pt\/wp-json\/wp\/v2\/posts"}],"about":[{"href":"https:\/\/drasanvi.com\/pt\/wp-json\/wp\/v2\/types\/post"}],"author":[{"embeddable":true,"href":"https:\/\/drasanvi.com\/pt\/wp-json\/wp\/v2\/users\/1"}],"replies":[{"embeddable":true,"href":"https:\/\/drasanvi.com\/pt\/wp-json\/wp\/v2\/comments?post=16326"}],"version-history":[{"count":0,"href":"https:\/\/drasanvi.com\/pt\/wp-json\/wp\/v2\/posts\/16326\/revisions"}],"wp:featuredmedia":[{"embeddable":true,"href":"https:\/\/drasanvi.com\/pt\/wp-json\/wp\/v2\/media\/16327"}],"wp:attachment":[{"href":"https:\/\/drasanvi.com\/pt\/wp-json\/wp\/v2\/media?parent=16326"}],"wp:term":[{"taxonomy":"category","embeddable":true,"href":"https:\/\/drasanvi.com\/pt\/wp-json\/wp\/v2\/categories?post=16326"},{"taxonomy":"post_tag","embeddable":true,"href":"https:\/\/drasanvi.com\/pt\/wp-json\/wp\/v2\/tags?post=16326"}],"curies":[{"name":"wp","href":"https:\/\/api.w.org\/{rel}","templated":true}]}}