{"id":16275,"date":"2022-01-10T12:46:01","date_gmt":"2022-01-10T10:46:01","guid":{"rendered":"https:\/\/drasanvi.com\/pt\/la-marea-rosa-volvera-a-inundar-las-calles-de-leon-contra-el-cancer-de-mama\/"},"modified":"2022-01-10T12:46:01","modified_gmt":"2022-01-10T10:46:01","slug":"la-marea-rosa-volvera-a-inundar-las-calles-de-leon-contra-el-cancer-de-mama","status":"publish","type":"post","link":"https:\/\/drasanvi.com\/pt\/la-marea-rosa-volvera-a-inundar-las-calles-de-leon-contra-el-cancer-de-mama\/","title":{"rendered":"La Marea Rosa volver\u00e1 a inundar las calles de Le\u00f3n contra el C\u00e1ncer de Mama"},"content":{"rendered":"<p>&#8220;Conseguir que la enfermedad del C&aacute;ncer de Mam&aacute; se quede en un recuerdo&#8221;. Ese es el objetivo y deseo de la asociaci&oacute;n ALMOM (Asociaci&oacute;n Leonesa de Mujeres Operadas de Mama) y de miles y miles de personas que se unir&aacute;n a la marea rosa que te&ntilde;ir&aacute; las calles de la capital el pr&oacute;ximo domingo, 27 de octubre.<\/p>\n<p>Por s&eacute;ptima edici&oacute;n consecutiva, la Carrera de la Mujer ALMOM-DRASANVI espera la participaci&oacute;n de m&aacute;s de 7.000 mujeres para recaudar fondos para la investigaci&oacute;n contra el c&aacute;ncer de mama.Su presidenta, Ana Isabel Gonz&aacute;lez, recalc&oacute; este mi&eacute;rcoles &#8220;&#8221;la importancia de dar visibilidad a esta enfermedad&#8221;&#8221; y lo hizo arropada por el concejal de Deportes, Vicente Canuria; la concejala de Igualdad, Argelia Cabado; el gerente de Drasanvi, &Oacute;scar L&oacute;pez; y las madrinas de este a&ntilde;o: la piloto Alba S&aacute;nchez y la directora comercial de Cope, Beatriz Gonzalez, quien asegur&oacute; que &#8220;m&aacute;s que un evento deportivo, esto es la energ&iacute;a positiva de 7.000 mujeres paseando por las calles de Le&oacute;n&#8221;.<\/p>\n<p>&nbsp;<\/p>\n<h3><strong>Recorrido<\/strong><\/h3>\n<p>Est&aacute; previsto que la carrera comience a las 11.00 horas desde el Paseo del Parque, junto al Estadio Hisp&aacute;nico, y la llegada ser&aacute; en el mismo lugar. Concretamente, en la pista de atletismo, donde se vivir&aacute; un ambiente festivo durante las siguientes horas con diversas actividades y m&uacute;sica.<\/p>\n<h3>&iquest;Por d&oacute;nde transcurre?<\/h3>\n<p>Paseo del Parque, Plaza de toros, Calle Maestro Nicol&aacute;s, calle Fray Luis de Le&oacute;n, calle Padre Javier de Valladolid, Calle Corredera, Plaza de San Francisco, Av. Independencia, calle Arco de &Aacute;nimas, Plaza de San Marcelo, Plaza de San Marcelo-Botines, calle Ancha, plaza de la Catedral, plaza Puerta Obispo, calle San Lorenzo, calle Ave Mar&iacute;a, avenida de los Cubos, calle Carreras, Arco de la C&aacute;rcel, plaza de Puerta Castillo, plaza de Santo Martino, calle Sacramento, plaza San Isidoro, calle Cid, calle Pilotos Regueral, calle Ruiz de Salazar, plaza de San Marcelo-Botines, plaza de Santo Domingo, avenida Independencia, calle Corredera, plaza de Toros, paseo del Parque, Estadio Hisp&aacute;nico.<\/p>\n<h3>La carrera se celebrar&aacute; el 27 de octubre<\/h3>\n<p>M&aacute;s de 26.00 euros contra el c&aacute;ncer de mamaEl objetivo de esta edici&oacute;n es, como m&iacute;nimo, igualar las cifras de 2018, cuando se lograron destinar m&aacute;s de 26.500 euros para la lucha contra esta enfermedad.<\/p>\n<p>Por su parte, el gerente de Drasanvi, &Oacute;scar L&oacute;pez, anim&oacute; a la gente a sumarse a la causa &#8220;porque todos somos hijos, hermanos, padres&#8230;&#8221;. Adem&aacute;s, como responsable de la principal empresa colaboradora reconoci&oacute; sentirse muy comprometido con este evento y ofreci&oacute; su apoyo a la asociaci&oacute;n &#8220;ayer, hoy y siempre que est&eacute; en nuestra mano&#8221;<\/p>\n<h3>&iquest;A&uacute;n no te has inscrito?<\/h3>\n<p>La cuota de inscripci&oacute;n es de siete euros. Desde la organizaci&oacute;n, que corre a cargo de Almon, se destinar&aacute; parte de la recaudaci&oacute;n, un m&iacute;nimo de dos euros por inscripci&oacute;n, al Instituto de investigaci&oacute;n del C&aacute;ncer de Mama de Salamanca y tambi&eacute;n una peque&ntilde;a parte a la asociaci&oacute;n Almon.<\/p>\n<p>Las ni&ntilde;as de 0 a 5 a&ntilde;os abonar&aacute;n una cuota reducida de dos euros, sin derecho a la camiseta conmemorativa de la carrera, pudiendo abonar la tasa de adulto si desearan obtener la camiseta. A partir de esta edad se aplicar&aacute; la cuota de adulto.<\/p>\n<p>El plazo de inscripci&oacute;n finaliza el 22 de octubre a las 00.00 horas o hasta completar el cupo de inscripci&oacute;n que ser&aacute; de 7.000 inscritas.<\/p>\n<p>Las inscripciones pueden realizarse a trav&eacute;s de la p&aacute;gina web: www.carreradelamujerleon.com o&nbsp;en persona en los siguientes puntos de inscripci&oacute;n:<\/p>\n<ul>\n<li>En la sede de Almon, en la calle Burgo Nuevo, 15 &ndash; 2&ordm; dcha.<\/li>\n<li>El Corte Ingl&eacute;s en la sexta planta del centro comercial.<\/li>\n<li>Espacio Drasanvi, planta S.S. del Corte Ingl&eacute;s.<\/li>\n<li>Cl&iacute;nica Dental Ezedent, C\/ Alfonso V, n&ordm; 4.<\/li>\n<li>Reale Seguros, en la avenida Rep&uacute;blica Argentina, 2.&nbsp;&nbsp;<\/li>\n<\/ul>\n","protected":false},"excerpt":{"rendered":"<p>&#8220;Conseguir que la enfermedad del C&aacute;ncer de Mam&aacute; se quede en un recuerdo&#8221;. Ese es el objetivo y deseo de<\/p>\n","protected":false},"author":1,"featured_media":16276,"comment_status":"open","ping_status":"closed","sticky":false,"template":"","format":"standard","meta":{"inline_featured_image":false,"footnotes":""},"categories":[1259],"tags":[],"class_list":["post-16275","post","type-post","status-publish","format-standard","has-post-thumbnail","hentry","category-noticias"],"yoast_head":"<!-- This site is optimized with the Yoast SEO plugin v27.5 - https:\/\/yoast.com\/product\/yoast-seo-wordpress\/ -->\n<title>La Marea Rosa volver\u00e1 a inundar las calles de Le\u00f3n contra el C\u00e1ncer de Mama - Drasanvi Portugal<\/title>\n<meta name=\"robots\" content=\"index, follow, max-snippet:-1, max-image-preview:large, max-video-preview:-1\" \/>\n<link rel=\"canonical\" href=\"https:\/\/drasanvi.com\/pt\/la-marea-rosa-volvera-a-inundar-las-calles-de-leon-contra-el-cancer-de-mama\/\" \/>\n<meta property=\"og:locale\" content=\"pt_PT\" \/>\n<meta property=\"og:type\" content=\"article\" \/>\n<meta property=\"og:title\" content=\"La Marea Rosa volver\u00e1 a inundar las calles de Le\u00f3n contra el C\u00e1ncer de Mama - Drasanvi Portugal\" \/>\n<meta property=\"og:description\" content=\"&#8220;Conseguir que la enfermedad del C&aacute;ncer de Mam&aacute; se quede en un recuerdo&#8221;. Ese es el objetivo y deseo de\" \/>\n<meta property=\"og:url\" content=\"https:\/\/drasanvi.com\/pt\/la-marea-rosa-volvera-a-inundar-las-calles-de-leon-contra-el-cancer-de-mama\/\" \/>\n<meta property=\"og:site_name\" content=\"Drasanvi Portugal\" \/>\n<meta property=\"article:published_time\" content=\"2022-01-10T10:46:01+00:00\" \/>\n<meta property=\"og:image\" content=\"https:\/\/drasanvi.com\/wp-content\/uploads\/sites\/6\/2022\/01\/article_221.jpg\" \/>\n\t<meta property=\"og:image:width\" content=\"417\" \/>\n\t<meta property=\"og:image:height\" content=\"600\" \/>\n\t<meta property=\"og:image:type\" content=\"image\/jpeg\" \/>\n<meta name=\"author\" content=\"Luis Javier\" \/>\n<meta name=\"twitter:card\" content=\"summary_large_image\" \/>\n<script type=\"application\/ld+json\" class=\"yoast-schema-graph\">{\"@context\":\"https:\\\/\\\/schema.org\",\"@graph\":[{\"@type\":\"Article\",\"@id\":\"https:\\\/\\\/drasanvi.com\\\/pt\\\/la-marea-rosa-volvera-a-inundar-las-calles-de-leon-contra-el-cancer-de-mama\\\/#article\",\"isPartOf\":{\"@id\":\"https:\\\/\\\/drasanvi.com\\\/pt\\\/la-marea-rosa-volvera-a-inundar-las-calles-de-leon-contra-el-cancer-de-mama\\\/\"},\"author\":{\"name\":\"Luis Javier\",\"@id\":\"https:\\\/\\\/drasanvi.com\\\/pt\\\/#\\\/schema\\\/person\\\/cfa874c75aa9a9b97a56db30a0fa27c1\"},\"headline\":\"La Marea Rosa volver\u00e1 a inundar las calles de Le\u00f3n contra el C\u00e1ncer de Mama\",\"datePublished\":\"2022-01-10T10:46:01+00:00\",\"mainEntityOfPage\":{\"@id\":\"https:\\\/\\\/drasanvi.com\\\/pt\\\/la-marea-rosa-volvera-a-inundar-las-calles-de-leon-contra-el-cancer-de-mama\\\/\"},\"wordCount\":759,\"commentCount\":0,\"publisher\":{\"@id\":\"https:\\\/\\\/drasanvi.com\\\/pt\\\/#organization\"},\"image\":{\"@id\":\"https:\\\/\\\/drasanvi.com\\\/pt\\\/la-marea-rosa-volvera-a-inundar-las-calles-de-leon-contra-el-cancer-de-mama\\\/#primaryimage\"},\"thumbnailUrl\":\"https:\\\/\\\/drasanvi.com\\\/pt\\\/wp-content\\\/uploads\\\/sites\\\/6\\\/2022\\\/01\\\/article_221.jpg\",\"articleSection\":[\"Noticias\"],\"inLanguage\":\"pt-PT\",\"potentialAction\":[{\"@type\":\"CommentAction\",\"name\":\"Comment\",\"target\":[\"https:\\\/\\\/drasanvi.com\\\/pt\\\/la-marea-rosa-volvera-a-inundar-las-calles-de-leon-contra-el-cancer-de-mama\\\/#respond\"]}]},{\"@type\":\"WebPage\",\"@id\":\"https:\\\/\\\/drasanvi.com\\\/pt\\\/la-marea-rosa-volvera-a-inundar-las-calles-de-leon-contra-el-cancer-de-mama\\\/\",\"url\":\"https:\\\/\\\/drasanvi.com\\\/pt\\\/la-marea-rosa-volvera-a-inundar-las-calles-de-leon-contra-el-cancer-de-mama\\\/\",\"name\":\"La Marea Rosa volver\u00e1 a inundar las calles de Le\u00f3n contra el C\u00e1ncer de Mama - Drasanvi Portugal\",\"isPartOf\":{\"@id\":\"https:\\\/\\\/drasanvi.com\\\/pt\\\/#website\"},\"primaryImageOfPage\":{\"@id\":\"https:\\\/\\\/drasanvi.com\\\/pt\\\/la-marea-rosa-volvera-a-inundar-las-calles-de-leon-contra-el-cancer-de-mama\\\/#primaryimage\"},\"image\":{\"@id\":\"https:\\\/\\\/drasanvi.com\\\/pt\\\/la-marea-rosa-volvera-a-inundar-las-calles-de-leon-contra-el-cancer-de-mama\\\/#primaryimage\"},\"thumbnailUrl\":\"https:\\\/\\\/drasanvi.com\\\/pt\\\/wp-content\\\/uploads\\\/sites\\\/6\\\/2022\\\/01\\\/article_221.jpg\",\"datePublished\":\"2022-01-10T10:46:01+00:00\",\"breadcrumb\":{\"@id\":\"https:\\\/\\\/drasanvi.com\\\/pt\\\/la-marea-rosa-volvera-a-inundar-las-calles-de-leon-contra-el-cancer-de-mama\\\/#breadcrumb\"},\"inLanguage\":\"pt-PT\",\"potentialAction\":[{\"@type\":\"ReadAction\",\"target\":[\"https:\\\/\\\/drasanvi.com\\\/pt\\\/la-marea-rosa-volvera-a-inundar-las-calles-de-leon-contra-el-cancer-de-mama\\\/\"]}]},{\"@type\":\"ImageObject\",\"inLanguage\":\"pt-PT\",\"@id\":\"https:\\\/\\\/drasanvi.com\\\/pt\\\/la-marea-rosa-volvera-a-inundar-las-calles-de-leon-contra-el-cancer-de-mama\\\/#primaryimage\",\"url\":\"https:\\\/\\\/drasanvi.com\\\/pt\\\/wp-content\\\/uploads\\\/sites\\\/6\\\/2022\\\/01\\\/article_221.jpg\",\"contentUrl\":\"https:\\\/\\\/drasanvi.com\\\/pt\\\/wp-content\\\/uploads\\\/sites\\\/6\\\/2022\\\/01\\\/article_221.jpg\",\"width\":417,\"height\":600},{\"@type\":\"BreadcrumbList\",\"@id\":\"https:\\\/\\\/drasanvi.com\\\/pt\\\/la-marea-rosa-volvera-a-inundar-las-calles-de-leon-contra-el-cancer-de-mama\\\/#breadcrumb\",\"itemListElement\":[{\"@type\":\"ListItem\",\"position\":1,\"name\":\"Portada\",\"item\":\"https:\\\/\\\/drasanvi.com\\\/pt\\\/\"},{\"@type\":\"ListItem\",\"position\":2,\"name\":\"La Marea Rosa volver\u00e1 a inundar las calles de Le\u00f3n contra el C\u00e1ncer de Mama\"}]},{\"@type\":\"WebSite\",\"@id\":\"https:\\\/\\\/drasanvi.com\\\/pt\\\/#website\",\"url\":\"https:\\\/\\\/drasanvi.com\\\/pt\\\/\",\"name\":\"Drasanvi Portugal\",\"description\":\"L\u00edder en complementos alimenticios y cosm\u00e9tica natural.\",\"publisher\":{\"@id\":\"https:\\\/\\\/drasanvi.com\\\/pt\\\/#organization\"},\"potentialAction\":[{\"@type\":\"SearchAction\",\"target\":{\"@type\":\"EntryPoint\",\"urlTemplate\":\"https:\\\/\\\/drasanvi.com\\\/pt\\\/?s={search_term_string}\"},\"query-input\":{\"@type\":\"PropertyValueSpecification\",\"valueRequired\":true,\"valueName\":\"search_term_string\"}}],\"inLanguage\":\"pt-PT\"},{\"@type\":\"Organization\",\"@id\":\"https:\\\/\\\/drasanvi.com\\\/pt\\\/#organization\",\"name\":\"Drasanvi\",\"url\":\"https:\\\/\\\/drasanvi.com\\\/pt\\\/\",\"logo\":{\"@type\":\"ImageObject\",\"inLanguage\":\"pt-PT\",\"@id\":\"https:\\\/\\\/drasanvi.com\\\/pt\\\/#\\\/schema\\\/logo\\\/image\\\/\",\"url\":\"https:\\\/\\\/drasanvi.com\\\/wp-content\\\/uploads\\\/sites\\\/6\\\/2021\\\/07\\\/logo-drasanvi.png\",\"contentUrl\":\"https:\\\/\\\/drasanvi.com\\\/wp-content\\\/uploads\\\/sites\\\/6\\\/2021\\\/07\\\/logo-drasanvi.png\",\"width\":900,\"height\":300,\"caption\":\"Drasanvi\"},\"image\":{\"@id\":\"https:\\\/\\\/drasanvi.com\\\/pt\\\/#\\\/schema\\\/logo\\\/image\\\/\"}},{\"@type\":\"Person\",\"@id\":\"https:\\\/\\\/drasanvi.com\\\/pt\\\/#\\\/schema\\\/person\\\/cfa874c75aa9a9b97a56db30a0fa27c1\",\"name\":\"Luis Javier\",\"image\":{\"@type\":\"ImageObject\",\"inLanguage\":\"pt-PT\",\"@id\":\"https:\\\/\\\/secure.gravatar.com\\\/avatar\\\/00c0ec51734f10561961fa73f9eddf08359aa471795719c7cfae186e36308179?s=96&d=mm&r=g\",\"url\":\"https:\\\/\\\/secure.gravatar.com\\\/avatar\\\/00c0ec51734f10561961fa73f9eddf08359aa471795719c7cfae186e36308179?s=96&d=mm&r=g\",\"contentUrl\":\"https:\\\/\\\/secure.gravatar.com\\\/avatar\\\/00c0ec51734f10561961fa73f9eddf08359aa471795719c7cfae186e36308179?s=96&d=mm&r=g\",\"caption\":\"Luis Javier\"},\"sameAs\":[\"https:\\\/\\\/drasanvi.com\"]}]}<\/script>\n<!-- \/ Yoast SEO plugin. -->","yoast_head_json":{"title":"La Marea Rosa volver\u00e1 a inundar las calles de Le\u00f3n contra el C\u00e1ncer de Mama - Drasanvi Portugal","robots":{"index":"index","follow":"follow","max-snippet":"max-snippet:-1","max-image-preview":"max-image-preview:large","max-video-preview":"max-video-preview:-1"},"canonical":"https:\/\/drasanvi.com\/pt\/la-marea-rosa-volvera-a-inundar-las-calles-de-leon-contra-el-cancer-de-mama\/","og_locale":"pt_PT","og_type":"article","og_title":"La Marea Rosa volver\u00e1 a inundar las calles de Le\u00f3n contra el C\u00e1ncer de Mama - Drasanvi Portugal","og_description":"&#8220;Conseguir que la enfermedad del C&aacute;ncer de Mam&aacute; se quede en un recuerdo&#8221;. Ese es el objetivo y deseo de","og_url":"https:\/\/drasanvi.com\/pt\/la-marea-rosa-volvera-a-inundar-las-calles-de-leon-contra-el-cancer-de-mama\/","og_site_name":"Drasanvi Portugal","article_published_time":"2022-01-10T10:46:01+00:00","og_image":[{"width":417,"height":600,"url":"https:\/\/drasanvi.com\/wp-content\/uploads\/sites\/6\/2022\/01\/article_221.jpg","type":"image\/jpeg"}],"author":"Luis Javier","twitter_card":"summary_large_image","schema":{"@context":"https:\/\/schema.org","@graph":[{"@type":"Article","@id":"https:\/\/drasanvi.com\/pt\/la-marea-rosa-volvera-a-inundar-las-calles-de-leon-contra-el-cancer-de-mama\/#article","isPartOf":{"@id":"https:\/\/drasanvi.com\/pt\/la-marea-rosa-volvera-a-inundar-las-calles-de-leon-contra-el-cancer-de-mama\/"},"author":{"name":"Luis Javier","@id":"https:\/\/drasanvi.com\/pt\/#\/schema\/person\/cfa874c75aa9a9b97a56db30a0fa27c1"},"headline":"La Marea Rosa volver\u00e1 a inundar las calles de Le\u00f3n contra el C\u00e1ncer de Mama","datePublished":"2022-01-10T10:46:01+00:00","mainEntityOfPage":{"@id":"https:\/\/drasanvi.com\/pt\/la-marea-rosa-volvera-a-inundar-las-calles-de-leon-contra-el-cancer-de-mama\/"},"wordCount":759,"commentCount":0,"publisher":{"@id":"https:\/\/drasanvi.com\/pt\/#organization"},"image":{"@id":"https:\/\/drasanvi.com\/pt\/la-marea-rosa-volvera-a-inundar-las-calles-de-leon-contra-el-cancer-de-mama\/#primaryimage"},"thumbnailUrl":"https:\/\/drasanvi.com\/pt\/wp-content\/uploads\/sites\/6\/2022\/01\/article_221.jpg","articleSection":["Noticias"],"inLanguage":"pt-PT","potentialAction":[{"@type":"CommentAction","name":"Comment","target":["https:\/\/drasanvi.com\/pt\/la-marea-rosa-volvera-a-inundar-las-calles-de-leon-contra-el-cancer-de-mama\/#respond"]}]},{"@type":"WebPage","@id":"https:\/\/drasanvi.com\/pt\/la-marea-rosa-volvera-a-inundar-las-calles-de-leon-contra-el-cancer-de-mama\/","url":"https:\/\/drasanvi.com\/pt\/la-marea-rosa-volvera-a-inundar-las-calles-de-leon-contra-el-cancer-de-mama\/","name":"La Marea Rosa volver\u00e1 a inundar las calles de Le\u00f3n contra el C\u00e1ncer de Mama - Drasanvi Portugal","isPartOf":{"@id":"https:\/\/drasanvi.com\/pt\/#website"},"primaryImageOfPage":{"@id":"https:\/\/drasanvi.com\/pt\/la-marea-rosa-volvera-a-inundar-las-calles-de-leon-contra-el-cancer-de-mama\/#primaryimage"},"image":{"@id":"https:\/\/drasanvi.com\/pt\/la-marea-rosa-volvera-a-inundar-las-calles-de-leon-contra-el-cancer-de-mama\/#primaryimage"},"thumbnailUrl":"https:\/\/drasanvi.com\/pt\/wp-content\/uploads\/sites\/6\/2022\/01\/article_221.jpg","datePublished":"2022-01-10T10:46:01+00:00","breadcrumb":{"@id":"https:\/\/drasanvi.com\/pt\/la-marea-rosa-volvera-a-inundar-las-calles-de-leon-contra-el-cancer-de-mama\/#breadcrumb"},"inLanguage":"pt-PT","potentialAction":[{"@type":"ReadAction","target":["https:\/\/drasanvi.com\/pt\/la-marea-rosa-volvera-a-inundar-las-calles-de-leon-contra-el-cancer-de-mama\/"]}]},{"@type":"ImageObject","inLanguage":"pt-PT","@id":"https:\/\/drasanvi.com\/pt\/la-marea-rosa-volvera-a-inundar-las-calles-de-leon-contra-el-cancer-de-mama\/#primaryimage","url":"https:\/\/drasanvi.com\/pt\/wp-content\/uploads\/sites\/6\/2022\/01\/article_221.jpg","contentUrl":"https:\/\/drasanvi.com\/pt\/wp-content\/uploads\/sites\/6\/2022\/01\/article_221.jpg","width":417,"height":600},{"@type":"BreadcrumbList","@id":"https:\/\/drasanvi.com\/pt\/la-marea-rosa-volvera-a-inundar-las-calles-de-leon-contra-el-cancer-de-mama\/#breadcrumb","itemListElement":[{"@type":"ListItem","position":1,"name":"Portada","item":"https:\/\/drasanvi.com\/pt\/"},{"@type":"ListItem","position":2,"name":"La Marea Rosa volver\u00e1 a inundar las calles de Le\u00f3n contra el C\u00e1ncer de Mama"}]},{"@type":"WebSite","@id":"https:\/\/drasanvi.com\/pt\/#website","url":"https:\/\/drasanvi.com\/pt\/","name":"Drasanvi Portugal","description":"L\u00edder en complementos alimenticios y cosm\u00e9tica natural.","publisher":{"@id":"https:\/\/drasanvi.com\/pt\/#organization"},"potentialAction":[{"@type":"SearchAction","target":{"@type":"EntryPoint","urlTemplate":"https:\/\/drasanvi.com\/pt\/?s={search_term_string}"},"query-input":{"@type":"PropertyValueSpecification","valueRequired":true,"valueName":"search_term_string"}}],"inLanguage":"pt-PT"},{"@type":"Organization","@id":"https:\/\/drasanvi.com\/pt\/#organization","name":"Drasanvi","url":"https:\/\/drasanvi.com\/pt\/","logo":{"@type":"ImageObject","inLanguage":"pt-PT","@id":"https:\/\/drasanvi.com\/pt\/#\/schema\/logo\/image\/","url":"https:\/\/drasanvi.com\/wp-content\/uploads\/sites\/6\/2021\/07\/logo-drasanvi.png","contentUrl":"https:\/\/drasanvi.com\/wp-content\/uploads\/sites\/6\/2021\/07\/logo-drasanvi.png","width":900,"height":300,"caption":"Drasanvi"},"image":{"@id":"https:\/\/drasanvi.com\/pt\/#\/schema\/logo\/image\/"}},{"@type":"Person","@id":"https:\/\/drasanvi.com\/pt\/#\/schema\/person\/cfa874c75aa9a9b97a56db30a0fa27c1","name":"Luis Javier","image":{"@type":"ImageObject","inLanguage":"pt-PT","@id":"https:\/\/secure.gravatar.com\/avatar\/00c0ec51734f10561961fa73f9eddf08359aa471795719c7cfae186e36308179?s=96&d=mm&r=g","url":"https:\/\/secure.gravatar.com\/avatar\/00c0ec51734f10561961fa73f9eddf08359aa471795719c7cfae186e36308179?s=96&d=mm&r=g","contentUrl":"https:\/\/secure.gravatar.com\/avatar\/00c0ec51734f10561961fa73f9eddf08359aa471795719c7cfae186e36308179?s=96&d=mm&r=g","caption":"Luis Javier"},"sameAs":["https:\/\/drasanvi.com"]}]}},"_links":{"self":[{"href":"https:\/\/drasanvi.com\/pt\/wp-json\/wp\/v2\/posts\/16275","targetHints":{"allow":["GET"]}}],"collection":[{"href":"https:\/\/drasanvi.com\/pt\/wp-json\/wp\/v2\/posts"}],"about":[{"href":"https:\/\/drasanvi.com\/pt\/wp-json\/wp\/v2\/types\/post"}],"author":[{"embeddable":true,"href":"https:\/\/drasanvi.com\/pt\/wp-json\/wp\/v2\/users\/1"}],"replies":[{"embeddable":true,"href":"https:\/\/drasanvi.com\/pt\/wp-json\/wp\/v2\/comments?post=16275"}],"version-history":[{"count":0,"href":"https:\/\/drasanvi.com\/pt\/wp-json\/wp\/v2\/posts\/16275\/revisions"}],"wp:featuredmedia":[{"embeddable":true,"href":"https:\/\/drasanvi.com\/pt\/wp-json\/wp\/v2\/media\/16276"}],"wp:attachment":[{"href":"https:\/\/drasanvi.com\/pt\/wp-json\/wp\/v2\/media?parent=16275"}],"wp:term":[{"taxonomy":"category","embeddable":true,"href":"https:\/\/drasanvi.com\/pt\/wp-json\/wp\/v2\/categories?post=16275"},{"taxonomy":"post_tag","embeddable":true,"href":"https:\/\/drasanvi.com\/pt\/wp-json\/wp\/v2\/tags?post=16275"}],"curies":[{"name":"wp","href":"https:\/\/api.w.org\/{rel}","templated":true}]}}