{"id":2236,"date":"2016-04-04T10:01:59","date_gmt":"2016-04-04T08:01:59","guid":{"rendered":"http:\/\/yomecuidoyque.com\/?p=2236"},"modified":"2016-04-04T10:01:59","modified_gmt":"2016-04-04T08:01:59","slug":"bronceado-saludable-antes-del-verano","status":"publish","type":"post","link":"https:\/\/drasanvi.com\/fr\/bronceado-saludable-antes-del-verano\/","title":{"rendered":"Consejos para conseguir un bronceado saludable antes del verano"},"content":{"rendered":"<p><![CDATA[\n\n<h2 style=\"text-align: justify;\">Bronceado saludable antes del verano<\/h2>\n\n\n\n\n<p style=\"text-align: justify;\">Si quieres conseguir antes del verano un bronceado bonito, duradero y sobretodo saludable,\u00a0 te contamos c\u00f3mo conseguirlo con una alimentaci\u00f3n adecuada y unos cuidados muy\u00a0 espec\u00edficos.<\/p>\n\n\n\n\n<p style=\"text-align: justify;\">Adem\u00e1s, <strong>si eres deportista tienes que prestar todav\u00eda m\u00e1s atenci\u00f3n<\/strong> a tu piel y no solo en verano. Las personas que hacen ejercicio f\u00edsico a diario se exponen a m\u00e1s agresiones que el resto, a causa del sol, el viento, el sudor, duchas muy repetidas, oxidaci\u00f3n celular, etc.<\/p>\n\n\n\n\n<p style=\"text-align: justify;\">Por ello, unos buenos h\u00e1bitos de protecci\u00f3n e hidrataci\u00f3n y una\u00a0<strong>alimentaci\u00f3n adecuada,<\/strong>\u00a0nos ayudar\u00e1n a preparar nuestra piel para la exposici\u00f3n solar y tambi\u00e9n ser\u00e1n nuestros aliados a la hora de conseguir un bronceado bonito y duradero parael resto del a\u00f1o.<strong>\u00a0<\/strong><\/p>\n\n\n\n\n<h2 style=\"text-align: justify;\">El cuidado de la piel en cualquier \u00e9poca del a\u00f1o<\/h2>\n\n\n\n\n<p style=\"text-align: justify;\">Cuando los rayos UVA y UVB , la radiaci\u00f3n ultravioleta del sol, excede la cantidad que la melanina, el pigmento protector de la piel, es capaz de absorber, se producen alteraciones en nuestra piel e incluso quemaduras, incluso iguales a las que provocan las quemaduras t\u00e9rmicas generadas por fuentes de calor como el fuego, la plancha o un secador. \u00a0Las ampollas, edemas y fiebre o incluso problemas m\u00e1s serios como la aparici\u00f3n de manchas o el envejecimiento prematuro son signos evidentes de que algo no hemos hecho bien.<\/p>\n\n\n\n\n<p style=\"text-align: justify;\">Dependiendo de nuestro fototipo, nuestra piel va a responder de una u otra forma a los rayos solares, pero, ojo tener un fototipo alto no significa que podamos descuidar nuestra hidrataci\u00f3n o la prevenci\u00f3n frente a la exposici\u00f3n solar.<\/p>\n\n\n\n\n<h2 style=\"text-align: justify;\">Una piel bronceada se quema menos y est\u00e1 m\u00e1s protegida<\/h2>\n\n\n\n\n<p style=\"text-align: justify;\">Por ello es muy recomendable que en todos los fototipos y especialmente los m\u00e1s claros \u00a0tomemos medidas de protecci\u00f3n todo el a\u00f1o, para que cuando llegue el momento de la exposici\u00f3n solar nuestra piel est\u00e9 ya protegida, hidratada y, en la medida de lo posible, ya bronceada.<\/p>\n\n\n\n\n<p style=\"text-align: justify;\">En cualquier caso, lo importante es prevenir y si sabemos qu\u00e9 alimentaci\u00f3n, qu\u00e9 productos usar y c\u00f3mo aplicarlos, es posible disfrutar del sol sin problema.<\/p>\n\n\n\n\n<p style=\"text-align: justify;\">Ning\u00fan filtro solar ofrece una protecci\u00f3n absoluta, pero s\u00ed ayudan a prevenir quemaduras graves. Pero la exposici\u00f3n no se genera s\u00f3lo en verano cuando tomamos sol, sino todos los d\u00edas del a\u00f1o, sin importar la estaci\u00f3n y como dec\u00edamos antes se agudiza en deportistas, que exponen a diario su piel a estas inclemencias. Por eso es importante utilizar protecci\u00f3n siempre, aunque los factores pueden variar seg\u00fan la estaci\u00f3n del a\u00f1o. En oto\u00f1o e invierno utilizaremos protecci\u00f3n solar SPF de 15 y 30 y en primavera y verano, de entre 30 y 50, dependiendo siempre de nuestro fototipo.<\/p>\n\n\n\n\n<p style=\"text-align: justify;\">Debes aplicarte el protector unos 30 minutos antes de exponerte al sol. Y luego, renovarlo al menos cada dos horas para que tomar el sol o hacer deporte sea una actividad sin riesgo.<\/p>\n\n\n\n\n<p style=\"text-align: justify;\">Tambi\u00e9n, es recomendable utilizar un afterun con activos como el aloe vera. Se trata adem\u00e1s de un ritual muy placentero despu\u00e9s de exponerse al sol ya que hidrata\u00a0y calma la piel en profundidad y adem\u00e1s ayuda a prolongar el bronceado.<\/p>\n\n\n\n\n<p style=\"text-align: justify;\">No nos podemos olvidar de la exfoliaci\u00f3n, muy necesaria, ya que as\u00ed eliminamos las c\u00e9lulas muertas y las impurezas de la piel, lo que a la larga se traduce en una regeneraci\u00f3n celular m\u00e1s intensa y en un bronceado m\u00e1s uniforme y luminoso.<\/p>\n\n\n\n\n<p style=\"text-align: justify;\">Y por supuesto una buena hidrataci\u00f3n corporal. Es\u00a0fundamental para mantener en buen estado la piel, por lo que es necesario tomar de dos a dos litros y medio de agua para mantener el cuerpo y la piel perfectamente hidratados.<\/p>\n\n\n\n\n<h2 style=\"text-align: justify;\">La dieta es clave para un bronceado saludable<\/h2>\n\n\n\n\n<p style=\"text-align: justify;\">Es muy recomendable consumir alimentos ricos en antioxidantes, vitaminas A, B, C y E, as\u00ed como Omega 3 ya que favorecen, preparan y prologan el bronceado.<\/p>\n\n\n\n\n<p style=\"text-align: justify;\"><strong>Frutas y verduras<\/strong><\/p>\n\n\n\n\n<p style=\"text-align: justify;\">Las zanahorias, el mango, la sand\u00eda o el tomate son muy ricos en betacarotenos, ayudan a potenciar la pigmentaci\u00f3n y a activar la melanina haciendo que el bronceado dure m\u00e1s tiempo. Por lo que pensar en clave naranja a la hora de elegir estos alimentos se convierte en un juego saludable muy interesante. Tiene especial incidencia la<strong> vitamina C, \u00a0que produce<\/strong>\u00a0hidroxilisina e hidroxiprolina, importantes para la creaci\u00f3n de col\u00e1geno, sustancia que da firmeza a la piel y ayuda a revertir los efectos negativos de las radiaciones solares.<\/p>\n\n\n\n\n<p style=\"text-align: justify;\"><strong>Pescado azul y semillas <\/strong><\/p>\n\n\n\n\n<p style=\"text-align: justify;\">El pescado azul como el salm\u00f3n, la caballa o las sardinas, pero tambi\u00e9n las semillas como la ch\u00eda o los frutos secos contienen grasas poliinsaturadas, \u00e1cidos omega-3, vitamina A y minerales y tienen un papel fundamental en el buen estado de la piel, ayudando a lubricar y a aportarle flexibilidad.<\/p>\n\n\n\n\n<p style=\"text-align: justify;\"><strong>Aceites\u00a0vegetales <\/strong>\nLos aceites vegetales como los de oliva, de girasol o de soja, pero tambi\u00e9n el germen de trigo, el aguacate y el huevo son ricos en vitamina E, convirti\u00e9ndose en potentes antioxidantes y cicatrizantes.<\/p>\n\n\n\n\n<p style=\"text-align: justify;\">[Tweet \u00ab\u00a0El consumo de alimentos antioxidantes, con betacarotenos y \u00e1cidos grasos, ayudan a broncear \u00a0tu piel de forma saludable\u00a0\u00bb]<\/p>\n\n\n\n\n<h3 style=\"text-align: justify;\">Nutricosm\u00e9tica para un bronceado saludable todo el a\u00f1o<\/h3>\n\n\n\n\n<p style=\"text-align: justify;\">Pero, adem\u00e1s de la alimentaci\u00f3n, tambi\u00e9n\u00a0<strong>podemos recurrir a complementos alimenticios<\/strong>\u00a0que ayuden a nuestra piel a activar la melanina y, as\u00ed, protegerse de los rayos solares. Se trata de productos naturales con Antioxidantes, vitaminas y aceites grasos que hidratan y nutren la piel para broncearse de forma sana y duradera y que, adem\u00e1s, evitan el envejecimiento de la piel y su p\u00e9rdida de elasticidad y firmeza.<\/p>\n\n]]>    \t<\/p>\n","protected":false},"excerpt":{"rendered":"<p>Bronceado saludable antes del verano Si quieres conseguir antes del verano un bronceado bonito, duradero y sobretodo saludable,\u00a0 te contamos<\/p>\n","protected":false},"author":2,"featured_media":2247,"comment_status":"open","ping_status":"closed","sticky":false,"template":"","format":"standard","meta":{"inline_featured_image":false,"footnotes":""},"categories":[140,126],"tags":[],"class_list":["post-2236","post","type-post","status-publish","format-standard","has-post-thumbnail","hentry","category-beauty","category-habitos-saludables"],"yoast_head":"<!-- This site is optimized with the Yoast SEO plugin v27.5 - https:\/\/yoast.com\/product\/yoast-seo-wordpress\/ -->\n<title>Consejos para conseguir un bronceado saludable antes del verano - Drasanvi Francia<\/title>\n<meta name=\"description\" content=\"Bronceado saludable todo el a\u00f1o, pero principalmente antes del verano...para llegar a la \u00e9poca estival con la piel sana y protegida. Consejos\" \/>\n<meta name=\"robots\" content=\"index, follow, max-snippet:-1, max-image-preview:large, max-video-preview:-1\" \/>\n<link rel=\"canonical\" href=\"https:\/\/drasanvi.com\/fr\/bronceado-saludable-antes-del-verano\/\" \/>\n<meta property=\"og:locale\" content=\"fr_FR\" \/>\n<meta property=\"og:type\" content=\"article\" \/>\n<meta property=\"og:title\" content=\"Consejos para conseguir un bronceado saludable antes del verano - Drasanvi Francia\" \/>\n<meta property=\"og:description\" content=\"Bronceado saludable todo el a\u00f1o, pero principalmente antes del verano...para llegar a la \u00e9poca estival con la piel sana y protegida. Consejos\" \/>\n<meta property=\"og:url\" content=\"https:\/\/drasanvi.com\/fr\/bronceado-saludable-antes-del-verano\/\" \/>\n<meta property=\"og:site_name\" content=\"Drasanvi Francia\" \/>\n<meta property=\"article:published_time\" content=\"2016-04-04T08:01:59+00:00\" \/>\n<meta property=\"og:image\" content=\"https:\/\/drasanvi.com\/wp-content\/uploads\/sites\/7\/2016\/04\/Bronceado-saludable-antes-del-verano-1.jpg\" \/>\n\t<meta property=\"og:image:width\" content=\"850\" \/>\n\t<meta property=\"og:image:height\" content=\"440\" \/>\n\t<meta property=\"og:image:type\" content=\"image\/jpeg\" \/>\n<meta name=\"author\" content=\"Nuria\" \/>\n<meta name=\"twitter:card\" content=\"summary_large_image\" \/>\n<script type=\"application\/ld+json\" class=\"yoast-schema-graph\">{\"@context\":\"https:\\\/\\\/schema.org\",\"@graph\":[{\"@type\":\"Article\",\"@id\":\"https:\\\/\\\/drasanvi.com\\\/fr\\\/bronceado-saludable-antes-del-verano\\\/#article\",\"isPartOf\":{\"@id\":\"https:\\\/\\\/drasanvi.com\\\/fr\\\/bronceado-saludable-antes-del-verano\\\/\"},\"author\":{\"name\":\"Nuria\",\"@id\":\"https:\\\/\\\/drasanvi.com\\\/fr\\\/#\\\/schema\\\/person\\\/0540e70c77f6c6308596267b51fc57dc\"},\"headline\":\"Consejos para conseguir un bronceado saludable antes del verano\",\"datePublished\":\"2016-04-04T08:01:59+00:00\",\"mainEntityOfPage\":{\"@id\":\"https:\\\/\\\/drasanvi.com\\\/fr\\\/bronceado-saludable-antes-del-verano\\\/\"},\"wordCount\":980,\"commentCount\":0,\"publisher\":{\"@id\":\"https:\\\/\\\/drasanvi.com\\\/fr\\\/#organization\"},\"image\":{\"@id\":\"https:\\\/\\\/drasanvi.com\\\/fr\\\/bronceado-saludable-antes-del-verano\\\/#primaryimage\"},\"thumbnailUrl\":\"https:\\\/\\\/drasanvi.com\\\/fr\\\/wp-content\\\/uploads\\\/sites\\\/7\\\/2016\\\/04\\\/Bronceado-saludable-antes-del-verano-1.jpg\",\"articleSection\":[\"Beauty\",\"H\u00e1bitos Saludables\"],\"inLanguage\":\"fr-FR\",\"potentialAction\":[{\"@type\":\"CommentAction\",\"name\":\"Comment\",\"target\":[\"https:\\\/\\\/drasanvi.com\\\/fr\\\/bronceado-saludable-antes-del-verano\\\/#respond\"]}]},{\"@type\":\"WebPage\",\"@id\":\"https:\\\/\\\/drasanvi.com\\\/fr\\\/bronceado-saludable-antes-del-verano\\\/\",\"url\":\"https:\\\/\\\/drasanvi.com\\\/fr\\\/bronceado-saludable-antes-del-verano\\\/\",\"name\":\"Consejos para conseguir un bronceado saludable antes del verano - Drasanvi Francia\",\"isPartOf\":{\"@id\":\"https:\\\/\\\/drasanvi.com\\\/fr\\\/#website\"},\"primaryImageOfPage\":{\"@id\":\"https:\\\/\\\/drasanvi.com\\\/fr\\\/bronceado-saludable-antes-del-verano\\\/#primaryimage\"},\"image\":{\"@id\":\"https:\\\/\\\/drasanvi.com\\\/fr\\\/bronceado-saludable-antes-del-verano\\\/#primaryimage\"},\"thumbnailUrl\":\"https:\\\/\\\/drasanvi.com\\\/fr\\\/wp-content\\\/uploads\\\/sites\\\/7\\\/2016\\\/04\\\/Bronceado-saludable-antes-del-verano-1.jpg\",\"datePublished\":\"2016-04-04T08:01:59+00:00\",\"description\":\"Bronceado saludable todo el a\u00f1o, pero principalmente antes del verano...para llegar a la \u00e9poca estival con la piel sana y protegida. Consejos\",\"breadcrumb\":{\"@id\":\"https:\\\/\\\/drasanvi.com\\\/fr\\\/bronceado-saludable-antes-del-verano\\\/#breadcrumb\"},\"inLanguage\":\"fr-FR\",\"potentialAction\":[{\"@type\":\"ReadAction\",\"target\":[\"https:\\\/\\\/drasanvi.com\\\/fr\\\/bronceado-saludable-antes-del-verano\\\/\"]}]},{\"@type\":\"ImageObject\",\"inLanguage\":\"fr-FR\",\"@id\":\"https:\\\/\\\/drasanvi.com\\\/fr\\\/bronceado-saludable-antes-del-verano\\\/#primaryimage\",\"url\":\"https:\\\/\\\/drasanvi.com\\\/fr\\\/wp-content\\\/uploads\\\/sites\\\/7\\\/2016\\\/04\\\/Bronceado-saludable-antes-del-verano-1.jpg\",\"contentUrl\":\"https:\\\/\\\/drasanvi.com\\\/fr\\\/wp-content\\\/uploads\\\/sites\\\/7\\\/2016\\\/04\\\/Bronceado-saludable-antes-del-verano-1.jpg\",\"width\":850,\"height\":440},{\"@type\":\"BreadcrumbList\",\"@id\":\"https:\\\/\\\/drasanvi.com\\\/fr\\\/bronceado-saludable-antes-del-verano\\\/#breadcrumb\",\"itemListElement\":[{\"@type\":\"ListItem\",\"position\":1,\"name\":\"Portada\",\"item\":\"https:\\\/\\\/drasanvi.com\\\/fr\\\/\"},{\"@type\":\"ListItem\",\"position\":2,\"name\":\"Consejos para conseguir un bronceado saludable antes del verano\"}]},{\"@type\":\"WebSite\",\"@id\":\"https:\\\/\\\/drasanvi.com\\\/fr\\\/#website\",\"url\":\"https:\\\/\\\/drasanvi.com\\\/fr\\\/\",\"name\":\"Drasanvi Francia\",\"description\":\"L\u00edder en complementos alimenticios y cosm\u00e9tica natural.\",\"publisher\":{\"@id\":\"https:\\\/\\\/drasanvi.com\\\/fr\\\/#organization\"},\"potentialAction\":[{\"@type\":\"SearchAction\",\"target\":{\"@type\":\"EntryPoint\",\"urlTemplate\":\"https:\\\/\\\/drasanvi.com\\\/fr\\\/?s={search_term_string}\"},\"query-input\":{\"@type\":\"PropertyValueSpecification\",\"valueRequired\":true,\"valueName\":\"search_term_string\"}}],\"inLanguage\":\"fr-FR\"},{\"@type\":\"Organization\",\"@id\":\"https:\\\/\\\/drasanvi.com\\\/fr\\\/#organization\",\"name\":\"Drasanvi\",\"url\":\"https:\\\/\\\/drasanvi.com\\\/fr\\\/\",\"logo\":{\"@type\":\"ImageObject\",\"inLanguage\":\"fr-FR\",\"@id\":\"https:\\\/\\\/drasanvi.com\\\/fr\\\/#\\\/schema\\\/logo\\\/image\\\/\",\"url\":\"https:\\\/\\\/drasanvi.com\\\/wp-content\\\/uploads\\\/sites\\\/7\\\/2021\\\/07\\\/logo-drasanvi.png\",\"contentUrl\":\"https:\\\/\\\/drasanvi.com\\\/wp-content\\\/uploads\\\/sites\\\/7\\\/2021\\\/07\\\/logo-drasanvi.png\",\"width\":900,\"height\":300,\"caption\":\"Drasanvi\"},\"image\":{\"@id\":\"https:\\\/\\\/drasanvi.com\\\/fr\\\/#\\\/schema\\\/logo\\\/image\\\/\"}},{\"@type\":\"Person\",\"@id\":\"https:\\\/\\\/drasanvi.com\\\/fr\\\/#\\\/schema\\\/person\\\/0540e70c77f6c6308596267b51fc57dc\",\"name\":\"Nuria\",\"image\":{\"@type\":\"ImageObject\",\"inLanguage\":\"fr-FR\",\"@id\":\"https:\\\/\\\/secure.gravatar.com\\\/avatar\\\/85760e8e3727599ce0b35a971bd9c81c64679f000057684172cb773dd3648789?s=96&d=mm&r=g\",\"url\":\"https:\\\/\\\/secure.gravatar.com\\\/avatar\\\/85760e8e3727599ce0b35a971bd9c81c64679f000057684172cb773dd3648789?s=96&d=mm&r=g\",\"contentUrl\":\"https:\\\/\\\/secure.gravatar.com\\\/avatar\\\/85760e8e3727599ce0b35a971bd9c81c64679f000057684172cb773dd3648789?s=96&d=mm&r=g\",\"caption\":\"Nuria\"}}]}<\/script>\n<!-- \/ Yoast SEO plugin. -->","yoast_head_json":{"title":"Consejos para conseguir un bronceado saludable antes del verano - Drasanvi Francia","description":"Bronceado saludable todo el a\u00f1o, pero principalmente antes del verano...para llegar a la \u00e9poca estival con la piel sana y protegida. Consejos","robots":{"index":"index","follow":"follow","max-snippet":"max-snippet:-1","max-image-preview":"max-image-preview:large","max-video-preview":"max-video-preview:-1"},"canonical":"https:\/\/drasanvi.com\/fr\/bronceado-saludable-antes-del-verano\/","og_locale":"fr_FR","og_type":"article","og_title":"Consejos para conseguir un bronceado saludable antes del verano - Drasanvi Francia","og_description":"Bronceado saludable todo el a\u00f1o, pero principalmente antes del verano...para llegar a la \u00e9poca estival con la piel sana y protegida. Consejos","og_url":"https:\/\/drasanvi.com\/fr\/bronceado-saludable-antes-del-verano\/","og_site_name":"Drasanvi Francia","article_published_time":"2016-04-04T08:01:59+00:00","og_image":[{"width":850,"height":440,"url":"https:\/\/drasanvi.com\/wp-content\/uploads\/sites\/7\/2016\/04\/Bronceado-saludable-antes-del-verano-1.jpg","type":"image\/jpeg"}],"author":"Nuria","twitter_card":"summary_large_image","schema":{"@context":"https:\/\/schema.org","@graph":[{"@type":"Article","@id":"https:\/\/drasanvi.com\/fr\/bronceado-saludable-antes-del-verano\/#article","isPartOf":{"@id":"https:\/\/drasanvi.com\/fr\/bronceado-saludable-antes-del-verano\/"},"author":{"name":"Nuria","@id":"https:\/\/drasanvi.com\/fr\/#\/schema\/person\/0540e70c77f6c6308596267b51fc57dc"},"headline":"Consejos para conseguir un bronceado saludable antes del verano","datePublished":"2016-04-04T08:01:59+00:00","mainEntityOfPage":{"@id":"https:\/\/drasanvi.com\/fr\/bronceado-saludable-antes-del-verano\/"},"wordCount":980,"commentCount":0,"publisher":{"@id":"https:\/\/drasanvi.com\/fr\/#organization"},"image":{"@id":"https:\/\/drasanvi.com\/fr\/bronceado-saludable-antes-del-verano\/#primaryimage"},"thumbnailUrl":"https:\/\/drasanvi.com\/fr\/wp-content\/uploads\/sites\/7\/2016\/04\/Bronceado-saludable-antes-del-verano-1.jpg","articleSection":["Beauty","H\u00e1bitos Saludables"],"inLanguage":"fr-FR","potentialAction":[{"@type":"CommentAction","name":"Comment","target":["https:\/\/drasanvi.com\/fr\/bronceado-saludable-antes-del-verano\/#respond"]}]},{"@type":"WebPage","@id":"https:\/\/drasanvi.com\/fr\/bronceado-saludable-antes-del-verano\/","url":"https:\/\/drasanvi.com\/fr\/bronceado-saludable-antes-del-verano\/","name":"Consejos para conseguir un bronceado saludable antes del verano - Drasanvi Francia","isPartOf":{"@id":"https:\/\/drasanvi.com\/fr\/#website"},"primaryImageOfPage":{"@id":"https:\/\/drasanvi.com\/fr\/bronceado-saludable-antes-del-verano\/#primaryimage"},"image":{"@id":"https:\/\/drasanvi.com\/fr\/bronceado-saludable-antes-del-verano\/#primaryimage"},"thumbnailUrl":"https:\/\/drasanvi.com\/fr\/wp-content\/uploads\/sites\/7\/2016\/04\/Bronceado-saludable-antes-del-verano-1.jpg","datePublished":"2016-04-04T08:01:59+00:00","description":"Bronceado saludable todo el a\u00f1o, pero principalmente antes del verano...para llegar a la \u00e9poca estival con la piel sana y protegida. Consejos","breadcrumb":{"@id":"https:\/\/drasanvi.com\/fr\/bronceado-saludable-antes-del-verano\/#breadcrumb"},"inLanguage":"fr-FR","potentialAction":[{"@type":"ReadAction","target":["https:\/\/drasanvi.com\/fr\/bronceado-saludable-antes-del-verano\/"]}]},{"@type":"ImageObject","inLanguage":"fr-FR","@id":"https:\/\/drasanvi.com\/fr\/bronceado-saludable-antes-del-verano\/#primaryimage","url":"https:\/\/drasanvi.com\/fr\/wp-content\/uploads\/sites\/7\/2016\/04\/Bronceado-saludable-antes-del-verano-1.jpg","contentUrl":"https:\/\/drasanvi.com\/fr\/wp-content\/uploads\/sites\/7\/2016\/04\/Bronceado-saludable-antes-del-verano-1.jpg","width":850,"height":440},{"@type":"BreadcrumbList","@id":"https:\/\/drasanvi.com\/fr\/bronceado-saludable-antes-del-verano\/#breadcrumb","itemListElement":[{"@type":"ListItem","position":1,"name":"Portada","item":"https:\/\/drasanvi.com\/fr\/"},{"@type":"ListItem","position":2,"name":"Consejos para conseguir un bronceado saludable antes del verano"}]},{"@type":"WebSite","@id":"https:\/\/drasanvi.com\/fr\/#website","url":"https:\/\/drasanvi.com\/fr\/","name":"Drasanvi Francia","description":"L\u00edder en complementos alimenticios y cosm\u00e9tica natural.","publisher":{"@id":"https:\/\/drasanvi.com\/fr\/#organization"},"potentialAction":[{"@type":"SearchAction","target":{"@type":"EntryPoint","urlTemplate":"https:\/\/drasanvi.com\/fr\/?s={search_term_string}"},"query-input":{"@type":"PropertyValueSpecification","valueRequired":true,"valueName":"search_term_string"}}],"inLanguage":"fr-FR"},{"@type":"Organization","@id":"https:\/\/drasanvi.com\/fr\/#organization","name":"Drasanvi","url":"https:\/\/drasanvi.com\/fr\/","logo":{"@type":"ImageObject","inLanguage":"fr-FR","@id":"https:\/\/drasanvi.com\/fr\/#\/schema\/logo\/image\/","url":"https:\/\/drasanvi.com\/wp-content\/uploads\/sites\/7\/2021\/07\/logo-drasanvi.png","contentUrl":"https:\/\/drasanvi.com\/wp-content\/uploads\/sites\/7\/2021\/07\/logo-drasanvi.png","width":900,"height":300,"caption":"Drasanvi"},"image":{"@id":"https:\/\/drasanvi.com\/fr\/#\/schema\/logo\/image\/"}},{"@type":"Person","@id":"https:\/\/drasanvi.com\/fr\/#\/schema\/person\/0540e70c77f6c6308596267b51fc57dc","name":"Nuria","image":{"@type":"ImageObject","inLanguage":"fr-FR","@id":"https:\/\/secure.gravatar.com\/avatar\/85760e8e3727599ce0b35a971bd9c81c64679f000057684172cb773dd3648789?s=96&d=mm&r=g","url":"https:\/\/secure.gravatar.com\/avatar\/85760e8e3727599ce0b35a971bd9c81c64679f000057684172cb773dd3648789?s=96&d=mm&r=g","contentUrl":"https:\/\/secure.gravatar.com\/avatar\/85760e8e3727599ce0b35a971bd9c81c64679f000057684172cb773dd3648789?s=96&d=mm&r=g","caption":"Nuria"}}]}},"_links":{"self":[{"href":"https:\/\/drasanvi.com\/fr\/wp-json\/wp\/v2\/posts\/2236","targetHints":{"allow":["GET"]}}],"collection":[{"href":"https:\/\/drasanvi.com\/fr\/wp-json\/wp\/v2\/posts"}],"about":[{"href":"https:\/\/drasanvi.com\/fr\/wp-json\/wp\/v2\/types\/post"}],"author":[{"embeddable":true,"href":"https:\/\/drasanvi.com\/fr\/wp-json\/wp\/v2\/users\/2"}],"replies":[{"embeddable":true,"href":"https:\/\/drasanvi.com\/fr\/wp-json\/wp\/v2\/comments?post=2236"}],"version-history":[{"count":0,"href":"https:\/\/drasanvi.com\/fr\/wp-json\/wp\/v2\/posts\/2236\/revisions"}],"wp:featuredmedia":[{"embeddable":true,"href":"https:\/\/drasanvi.com\/fr\/wp-json\/wp\/v2\/media\/2247"}],"wp:attachment":[{"href":"https:\/\/drasanvi.com\/fr\/wp-json\/wp\/v2\/media?parent=2236"}],"wp:term":[{"taxonomy":"category","embeddable":true,"href":"https:\/\/drasanvi.com\/fr\/wp-json\/wp\/v2\/categories?post=2236"},{"taxonomy":"post_tag","embeddable":true,"href":"https:\/\/drasanvi.com\/fr\/wp-json\/wp\/v2\/tags?post=2236"}],"curies":[{"name":"wp","href":"https:\/\/api.w.org\/{rel}","templated":true}]}}