{"id":3079,"date":"2016-11-14T10:19:52","date_gmt":"2016-11-14T09:19:52","guid":{"rendered":"http:\/\/yomecuidoyque.com\/?p=3079"},"modified":"2016-11-14T10:19:52","modified_gmt":"2016-11-14T09:19:52","slug":"biotina-clave-salud-piel-unas-cabello","status":"publish","type":"post","link":"https:\/\/drasanvi.com\/cr\/biotina-clave-salud-piel-unas-cabello\/","title":{"rendered":"La Biotina, clave para la salud de piel, u\u00f1as y cabello"},"content":{"rendered":"<p><![CDATA[\n\n<h2 style=\"text-align: justify;\">\u00bfQu\u00e9 es la Biotina?<\/h2>\n\n\n\n\n<p style=\"text-align: justify;\">La Biotina, tambi\u00e9n conocida como Vitamina H, B8 o coenzima R, es una Vitamina que todos los seres vivos necesitan en su sistema, aunque tan solo bacterias, levaduras, algas y algunas especies de plantas pueden sintetizarla [1]. Se puede encontrar\u00a0en los alimentos, como en la carne y el pescado, unida a otras prote\u00ednas.<\/p>\n\n\n\n\n<p style=\"text-align: justify;\">El jugo del p\u00e1ncreas separa la Biotina, que es absorbida por el intestino y distribuida por los tejidos. Esta vitamina, al igual que otras vitaminas del grupo B, es imprescindible para el metabolismo de los \u00e1cidos grasos.<\/p>\n\n\n\n\n<p style=\"text-align: justify;\">Una deficiencia elevada de Biotina provoca la <strong>p\u00e9rdida de cabello, as\u00ed como alteraciones en la grasa facial,<\/strong> provocando erupciones, dermatitis seborreica, depresi\u00f3n, entumecimiento y hormigueo en las extremidades, as\u00ed como alteraciones del sistema inmunitario [2]. En beb\u00e9s, esta dermatitis seborreica se denomina costra l\u00e1ctea, finas escamas blancas en cara, cuello, tronco o zona del pa\u00f1al.<\/p>\n\n\n\n\n<h2 style=\"text-align: justify;\">\u00bfQu\u00e9 causa un d\u00e9ficit de Biotina?<\/h2>\n\n\n\n\n<p style=\"text-align: justify;\">Generalmente, una ingesta insuficiente de Biotina a trav\u00e9s de la alimentaci\u00f3n. Los alimentos m\u00e1s ricos en esta vitamina\u00a0son la <strong>yema de huevo, el h\u00edgado y la levadura. <\/strong>La Cantidad Diaria Recomendada (CDR) de Biotina, para que el organismo funcione de forma normal, es de 50 microgramos al d\u00eda.<\/p>\n\n\n\n\n<p style=\"text-align: justify;\">Los expertos est\u00e1n investigando la posibilidad de que los ni\u00f1os sean m\u00e1s propensos a estas dermatitis porque su <strong>flora intestinal<\/strong> a\u00fan no est\u00e1 formada, entorpeciendo la s\u00edntesis de Biotina.<\/p>\n\n\n\n\n<p style=\"text-align: justify;\">La medicaci\u00f3n que toman los <strong>epil\u00e9pticos<\/strong>\u00a0 para prevenir sus crisis compulsivas aumentan el riesgo de p\u00e9rdida de esta vitamina\u00a0en el organismo.<\/p>\n\n\n\n\n<p style=\"text-align: justify;\">El organismo de las <strong>embarazadas<\/strong> tambi\u00e9n requiere m\u00e1s Biotina, debido a la r\u00e1pida divisi\u00f3n celular del feto, para la replicaci\u00f3n del ADN [3]. Al igual que los expertos recomiendan\u00a0 a las mujeres embarazadas consumir \u00c1cido F\u00f3lico suplementario antes y despu\u00e9s del embarazo\u00a0 (al menos 400 mcg\/d\u00eda) para prevenir defectos del tubo neural, aconsejan consumir tambi\u00e9n al menos 30 mcg\/d\u00eda de Biotina suplementaria.<\/p>\n\n\n\n\n<p style=\"text-align: justify;\">Las <strong>claras de huevo crudas<\/strong> contienen una sustancia que impide la absorci\u00f3n de la Biotina, por lo que comer 2 o m\u00e1s claras al d\u00eda, por varios meses, \u00a0produce \u00a0una deficiencia de esta vitamina lo suficientemente grave como para producir s\u00edntomas. [4]<\/p>\n\n\n\n\n<h2 style=\"text-align: justify;\">Biotina para la salud del pelo, piel y u\u00f1as<\/h2>\n\n\n\n\n<p style=\"text-align: justify;\">La suplementaci\u00f3n de Biotina muestra resultados muy prometedores en el mantenimiento o mejora de la salud de pelo, piel y u\u00f1as. El rango habitual de dosificaci\u00f3n en complementos alimenticios para mantener el pelo saludable es de 100-1.000 mcg al d\u00eda.<\/p>\n\n\n\n\n<p style=\"text-align: justify;\">Algunos complementos se elaboran con Biotina aislada, y otros incluyen tambi\u00e9n combinaciones de vitaminas u otros ingredientes, como el <strong><span style=\"text-decoration: underline;\"><a href=\"http:\/\/yomecuidoyque.com\/colageno-tratamiento-antiaging\/\" target=\"_blank\" rel=\"noopener\">Col\u00e1geno<\/a><\/span> o la queratina <\/strong>(dos prote\u00ednas que se encuentran de forma natural en el cabello), que permiten una acci\u00f3n sin\u00e9rgica que contribuye a mantener un pelo, piel y u\u00f1as saludables.<\/p>\n\n\n\n\n<p style=\"text-align: justify;\">As\u00ed, adem\u00e1s de aportar la Biotina necesaria al organismo, <strong>previniendo la ca\u00edda de cabello <\/strong>y manteni\u00e9ndolo saludable, estas formulaciones act\u00faan contra los signos de <strong>envejecimiento prematuro<\/strong> de la piel, como la falta de firmeza, arrugas, l\u00edneas de expresi\u00f3n y p\u00e9rdida de hidrataci\u00f3n.<\/p>\n\n\n\n\n<p style=\"text-align: justify;\">Recuerda que la dosis apropiada para cada persona y cada uso depende de muchos factores, como la edad, el peso, la actividad f\u00edsica y la salud.\u00a0 En caso de duda consulta a tu m\u00e9dico o especialista de confianza.<\/p>\n\n\n\n\n<p style=\"text-align: justify;\"><strong>Bibliograf\u00eda<\/strong><\/p>\n\n\n\n\n<ol>\n \t\n\n<li style=\"text-align: justify;\">Mock DM. Biotin. In: Ziegler EE, Filer LJ, eds. Present Knowledge in Nutrition. 7<sup>th<\/sup> Washington D.C,: ILSI Press; 1996: 220-236<\/li>\n\n\n \t\n\n<li style=\"text-align: justify;\">Baumgartner ER, Suormala T. Inherited defects of bitoin metabolis. Biofactors. 1999; 10 (2-3): 287-290<\/li>\n\n\n \t\n\n<li style=\"text-align: justify;\">Zempleni J, Mock DM. Marginal biotin deficiency is teratogenic. Proc Soc Exp Biol Med. 2000; 223 (1); 14-21<\/li>\n\n\n \t\n\n<li style=\"text-align: justify;\">Eakin, RE, Snell, EE, and Williams, R. J. Concentrationand assay of avidin, injury-producing agents in raw egg white. J Biol Chem. 1941; 535-43<\/li>\n\n\n<\/ol>\n\n]]>    \t<\/p>\n","protected":false},"excerpt":{"rendered":"<p>\u00bfQu\u00e9 es la Biotina? La Biotina, tambi\u00e9n conocida como Vitamina H, B8 o coenzima R, es una Vitamina que todos<\/p>\n","protected":false},"author":2,"featured_media":3084,"comment_status":"open","ping_status":"closed","sticky":false,"template":"","format":"standard","meta":{"inline_featured_image":false,"footnotes":""},"categories":[140,129],"tags":[],"class_list":["post-3079","post","type-post","status-publish","format-standard","has-post-thumbnail","hentry","category-beauty","category-nutricion"],"yoast_head":"<!-- This site is optimized with the Yoast SEO plugin v27.4 - https:\/\/yoast.com\/product\/yoast-seo-wordpress\/ -->\n<title>La Biotina, clave para la salud de piel, u\u00f1as y cabello - Drasanvi Costa Rica<\/title>\n<meta name=\"description\" content=\"La Biotina es una vitamina es imprescindible para el metabolismo de los \u00e1cidos grasos. Su d\u00e9ficit produce ca\u00edda del cabello, u\u00f1as quebradizas y dermatitis\" \/>\n<meta name=\"robots\" content=\"index, follow, max-snippet:-1, max-image-preview:large, max-video-preview:-1\" \/>\n<link rel=\"canonical\" href=\"https:\/\/drasanvi.com\/cr\/biotina-clave-salud-piel-unas-cabello\/\" \/>\n<meta property=\"og:locale\" content=\"es_ES\" \/>\n<meta property=\"og:type\" content=\"article\" \/>\n<meta property=\"og:title\" content=\"La Biotina, clave para la salud de piel, u\u00f1as y cabello - Drasanvi Costa Rica\" \/>\n<meta property=\"og:description\" content=\"La Biotina es una vitamina es imprescindible para el metabolismo de los \u00e1cidos grasos. Su d\u00e9ficit produce ca\u00edda del cabello, u\u00f1as quebradizas y dermatitis\" \/>\n<meta property=\"og:url\" content=\"https:\/\/drasanvi.com\/cr\/biotina-clave-salud-piel-unas-cabello\/\" \/>\n<meta property=\"og:site_name\" content=\"Drasanvi Costa Rica\" \/>\n<meta property=\"article:published_time\" content=\"2016-11-14T09:19:52+00:00\" \/>\n<meta property=\"og:image\" content=\"https:\/\/drasanvi.com\/wp-content\/uploads\/sites\/2\/2016\/11\/Yomecuido_biotina-piel-unas-pelo.jpg\" \/>\n\t<meta property=\"og:image:width\" content=\"850\" \/>\n\t<meta property=\"og:image:height\" content=\"440\" \/>\n\t<meta property=\"og:image:type\" content=\"image\/jpeg\" \/>\n<meta name=\"author\" content=\"Nuria\" \/>\n<meta name=\"twitter:card\" content=\"summary_large_image\" \/>\n<script type=\"application\/ld+json\" class=\"yoast-schema-graph\">{\"@context\":\"https:\\\/\\\/schema.org\",\"@graph\":[{\"@type\":\"Article\",\"@id\":\"https:\\\/\\\/drasanvi.com\\\/cr\\\/biotina-clave-salud-piel-unas-cabello\\\/#article\",\"isPartOf\":{\"@id\":\"https:\\\/\\\/drasanvi.com\\\/cr\\\/biotina-clave-salud-piel-unas-cabello\\\/\"},\"author\":{\"name\":\"Nuria\",\"@id\":\"https:\\\/\\\/drasanvi.com\\\/cr\\\/#\\\/schema\\\/person\\\/0540e70c77f6c6308596267b51fc57dc\"},\"headline\":\"La Biotina, clave para la salud de piel, u\u00f1as y cabello\",\"datePublished\":\"2016-11-14T09:19:52+00:00\",\"mainEntityOfPage\":{\"@id\":\"https:\\\/\\\/drasanvi.com\\\/cr\\\/biotina-clave-salud-piel-unas-cabello\\\/\"},\"wordCount\":672,\"commentCount\":0,\"publisher\":{\"@id\":\"https:\\\/\\\/drasanvi.com\\\/cr\\\/#organization\"},\"image\":{\"@id\":\"https:\\\/\\\/drasanvi.com\\\/cr\\\/biotina-clave-salud-piel-unas-cabello\\\/#primaryimage\"},\"thumbnailUrl\":\"https:\\\/\\\/drasanvi.com\\\/cr\\\/wp-content\\\/uploads\\\/sites\\\/2\\\/2016\\\/11\\\/Yomecuido_biotina-piel-unas-pelo.jpg\",\"articleSection\":[\"Beauty\",\"Nutrici\u00f3n\"],\"inLanguage\":\"es\",\"potentialAction\":[{\"@type\":\"CommentAction\",\"name\":\"Comment\",\"target\":[\"https:\\\/\\\/drasanvi.com\\\/cr\\\/biotina-clave-salud-piel-unas-cabello\\\/#respond\"]}]},{\"@type\":\"WebPage\",\"@id\":\"https:\\\/\\\/drasanvi.com\\\/cr\\\/biotina-clave-salud-piel-unas-cabello\\\/\",\"url\":\"https:\\\/\\\/drasanvi.com\\\/cr\\\/biotina-clave-salud-piel-unas-cabello\\\/\",\"name\":\"La Biotina, clave para la salud de piel, u\u00f1as y cabello - Drasanvi Costa Rica\",\"isPartOf\":{\"@id\":\"https:\\\/\\\/drasanvi.com\\\/cr\\\/#website\"},\"primaryImageOfPage\":{\"@id\":\"https:\\\/\\\/drasanvi.com\\\/cr\\\/biotina-clave-salud-piel-unas-cabello\\\/#primaryimage\"},\"image\":{\"@id\":\"https:\\\/\\\/drasanvi.com\\\/cr\\\/biotina-clave-salud-piel-unas-cabello\\\/#primaryimage\"},\"thumbnailUrl\":\"https:\\\/\\\/drasanvi.com\\\/cr\\\/wp-content\\\/uploads\\\/sites\\\/2\\\/2016\\\/11\\\/Yomecuido_biotina-piel-unas-pelo.jpg\",\"datePublished\":\"2016-11-14T09:19:52+00:00\",\"description\":\"La Biotina es una vitamina es imprescindible para el metabolismo de los \u00e1cidos grasos. Su d\u00e9ficit produce ca\u00edda del cabello, u\u00f1as quebradizas y dermatitis\",\"breadcrumb\":{\"@id\":\"https:\\\/\\\/drasanvi.com\\\/cr\\\/biotina-clave-salud-piel-unas-cabello\\\/#breadcrumb\"},\"inLanguage\":\"es\",\"potentialAction\":[{\"@type\":\"ReadAction\",\"target\":[\"https:\\\/\\\/drasanvi.com\\\/cr\\\/biotina-clave-salud-piel-unas-cabello\\\/\"]}]},{\"@type\":\"ImageObject\",\"inLanguage\":\"es\",\"@id\":\"https:\\\/\\\/drasanvi.com\\\/cr\\\/biotina-clave-salud-piel-unas-cabello\\\/#primaryimage\",\"url\":\"https:\\\/\\\/drasanvi.com\\\/cr\\\/wp-content\\\/uploads\\\/sites\\\/2\\\/2016\\\/11\\\/Yomecuido_biotina-piel-unas-pelo.jpg\",\"contentUrl\":\"https:\\\/\\\/drasanvi.com\\\/cr\\\/wp-content\\\/uploads\\\/sites\\\/2\\\/2016\\\/11\\\/Yomecuido_biotina-piel-unas-pelo.jpg\",\"width\":850,\"height\":440,\"caption\":\"La Biotina es imprescindible para la salud de piel, u\u00f1as y cabello\"},{\"@type\":\"BreadcrumbList\",\"@id\":\"https:\\\/\\\/drasanvi.com\\\/cr\\\/biotina-clave-salud-piel-unas-cabello\\\/#breadcrumb\",\"itemListElement\":[{\"@type\":\"ListItem\",\"position\":1,\"name\":\"Portada\",\"item\":\"https:\\\/\\\/drasanvi.com\\\/cr\\\/\"},{\"@type\":\"ListItem\",\"position\":2,\"name\":\"La Biotina, clave para la salud de piel, u\u00f1as y cabello\"}]},{\"@type\":\"WebSite\",\"@id\":\"https:\\\/\\\/drasanvi.com\\\/cr\\\/#website\",\"url\":\"https:\\\/\\\/drasanvi.com\\\/cr\\\/\",\"name\":\"Drasanvi Costa Rica\",\"description\":\"L\u00edder en complementos alimenticios y cosm\u00e9tica natural.\",\"publisher\":{\"@id\":\"https:\\\/\\\/drasanvi.com\\\/cr\\\/#organization\"},\"potentialAction\":[{\"@type\":\"SearchAction\",\"target\":{\"@type\":\"EntryPoint\",\"urlTemplate\":\"https:\\\/\\\/drasanvi.com\\\/cr\\\/?s={search_term_string}\"},\"query-input\":{\"@type\":\"PropertyValueSpecification\",\"valueRequired\":true,\"valueName\":\"search_term_string\"}}],\"inLanguage\":\"es\"},{\"@type\":\"Organization\",\"@id\":\"https:\\\/\\\/drasanvi.com\\\/cr\\\/#organization\",\"name\":\"Drasanvi\",\"url\":\"https:\\\/\\\/drasanvi.com\\\/cr\\\/\",\"logo\":{\"@type\":\"ImageObject\",\"inLanguage\":\"es\",\"@id\":\"https:\\\/\\\/drasanvi.com\\\/cr\\\/#\\\/schema\\\/logo\\\/image\\\/\",\"url\":\"https:\\\/\\\/drasanvi.com\\\/wp-content\\\/uploads\\\/sites\\\/2\\\/2021\\\/07\\\/logo-drasanvi.png\",\"contentUrl\":\"https:\\\/\\\/drasanvi.com\\\/wp-content\\\/uploads\\\/sites\\\/2\\\/2021\\\/07\\\/logo-drasanvi.png\",\"width\":900,\"height\":300,\"caption\":\"Drasanvi\"},\"image\":{\"@id\":\"https:\\\/\\\/drasanvi.com\\\/cr\\\/#\\\/schema\\\/logo\\\/image\\\/\"}},{\"@type\":\"Person\",\"@id\":\"https:\\\/\\\/drasanvi.com\\\/cr\\\/#\\\/schema\\\/person\\\/0540e70c77f6c6308596267b51fc57dc\",\"name\":\"Nuria\",\"image\":{\"@type\":\"ImageObject\",\"inLanguage\":\"es\",\"@id\":\"https:\\\/\\\/secure.gravatar.com\\\/avatar\\\/85760e8e3727599ce0b35a971bd9c81c64679f000057684172cb773dd3648789?s=96&d=mm&r=g\",\"url\":\"https:\\\/\\\/secure.gravatar.com\\\/avatar\\\/85760e8e3727599ce0b35a971bd9c81c64679f000057684172cb773dd3648789?s=96&d=mm&r=g\",\"contentUrl\":\"https:\\\/\\\/secure.gravatar.com\\\/avatar\\\/85760e8e3727599ce0b35a971bd9c81c64679f000057684172cb773dd3648789?s=96&d=mm&r=g\",\"caption\":\"Nuria\"}}]}<\/script>\n<!-- \/ Yoast SEO plugin. -->","yoast_head_json":{"title":"La Biotina, clave para la salud de piel, u\u00f1as y cabello - Drasanvi Costa Rica","description":"La Biotina es una vitamina es imprescindible para el metabolismo de los \u00e1cidos grasos. Su d\u00e9ficit produce ca\u00edda del cabello, u\u00f1as quebradizas y dermatitis","robots":{"index":"index","follow":"follow","max-snippet":"max-snippet:-1","max-image-preview":"max-image-preview:large","max-video-preview":"max-video-preview:-1"},"canonical":"https:\/\/drasanvi.com\/cr\/biotina-clave-salud-piel-unas-cabello\/","og_locale":"es_ES","og_type":"article","og_title":"La Biotina, clave para la salud de piel, u\u00f1as y cabello - Drasanvi Costa Rica","og_description":"La Biotina es una vitamina es imprescindible para el metabolismo de los \u00e1cidos grasos. Su d\u00e9ficit produce ca\u00edda del cabello, u\u00f1as quebradizas y dermatitis","og_url":"https:\/\/drasanvi.com\/cr\/biotina-clave-salud-piel-unas-cabello\/","og_site_name":"Drasanvi Costa Rica","article_published_time":"2016-11-14T09:19:52+00:00","og_image":[{"width":850,"height":440,"url":"https:\/\/drasanvi.com\/wp-content\/uploads\/sites\/2\/2016\/11\/Yomecuido_biotina-piel-unas-pelo.jpg","type":"image\/jpeg"}],"author":"Nuria","twitter_card":"summary_large_image","schema":{"@context":"https:\/\/schema.org","@graph":[{"@type":"Article","@id":"https:\/\/drasanvi.com\/cr\/biotina-clave-salud-piel-unas-cabello\/#article","isPartOf":{"@id":"https:\/\/drasanvi.com\/cr\/biotina-clave-salud-piel-unas-cabello\/"},"author":{"name":"Nuria","@id":"https:\/\/drasanvi.com\/cr\/#\/schema\/person\/0540e70c77f6c6308596267b51fc57dc"},"headline":"La Biotina, clave para la salud de piel, u\u00f1as y cabello","datePublished":"2016-11-14T09:19:52+00:00","mainEntityOfPage":{"@id":"https:\/\/drasanvi.com\/cr\/biotina-clave-salud-piel-unas-cabello\/"},"wordCount":672,"commentCount":0,"publisher":{"@id":"https:\/\/drasanvi.com\/cr\/#organization"},"image":{"@id":"https:\/\/drasanvi.com\/cr\/biotina-clave-salud-piel-unas-cabello\/#primaryimage"},"thumbnailUrl":"https:\/\/drasanvi.com\/cr\/wp-content\/uploads\/sites\/2\/2016\/11\/Yomecuido_biotina-piel-unas-pelo.jpg","articleSection":["Beauty","Nutrici\u00f3n"],"inLanguage":"es","potentialAction":[{"@type":"CommentAction","name":"Comment","target":["https:\/\/drasanvi.com\/cr\/biotina-clave-salud-piel-unas-cabello\/#respond"]}]},{"@type":"WebPage","@id":"https:\/\/drasanvi.com\/cr\/biotina-clave-salud-piel-unas-cabello\/","url":"https:\/\/drasanvi.com\/cr\/biotina-clave-salud-piel-unas-cabello\/","name":"La Biotina, clave para la salud de piel, u\u00f1as y cabello - Drasanvi Costa Rica","isPartOf":{"@id":"https:\/\/drasanvi.com\/cr\/#website"},"primaryImageOfPage":{"@id":"https:\/\/drasanvi.com\/cr\/biotina-clave-salud-piel-unas-cabello\/#primaryimage"},"image":{"@id":"https:\/\/drasanvi.com\/cr\/biotina-clave-salud-piel-unas-cabello\/#primaryimage"},"thumbnailUrl":"https:\/\/drasanvi.com\/cr\/wp-content\/uploads\/sites\/2\/2016\/11\/Yomecuido_biotina-piel-unas-pelo.jpg","datePublished":"2016-11-14T09:19:52+00:00","description":"La Biotina es una vitamina es imprescindible para el metabolismo de los \u00e1cidos grasos. Su d\u00e9ficit produce ca\u00edda del cabello, u\u00f1as quebradizas y dermatitis","breadcrumb":{"@id":"https:\/\/drasanvi.com\/cr\/biotina-clave-salud-piel-unas-cabello\/#breadcrumb"},"inLanguage":"es","potentialAction":[{"@type":"ReadAction","target":["https:\/\/drasanvi.com\/cr\/biotina-clave-salud-piel-unas-cabello\/"]}]},{"@type":"ImageObject","inLanguage":"es","@id":"https:\/\/drasanvi.com\/cr\/biotina-clave-salud-piel-unas-cabello\/#primaryimage","url":"https:\/\/drasanvi.com\/cr\/wp-content\/uploads\/sites\/2\/2016\/11\/Yomecuido_biotina-piel-unas-pelo.jpg","contentUrl":"https:\/\/drasanvi.com\/cr\/wp-content\/uploads\/sites\/2\/2016\/11\/Yomecuido_biotina-piel-unas-pelo.jpg","width":850,"height":440,"caption":"La Biotina es imprescindible para la salud de piel, u\u00f1as y cabello"},{"@type":"BreadcrumbList","@id":"https:\/\/drasanvi.com\/cr\/biotina-clave-salud-piel-unas-cabello\/#breadcrumb","itemListElement":[{"@type":"ListItem","position":1,"name":"Portada","item":"https:\/\/drasanvi.com\/cr\/"},{"@type":"ListItem","position":2,"name":"La Biotina, clave para la salud de piel, u\u00f1as y cabello"}]},{"@type":"WebSite","@id":"https:\/\/drasanvi.com\/cr\/#website","url":"https:\/\/drasanvi.com\/cr\/","name":"Drasanvi Costa Rica","description":"L\u00edder en complementos alimenticios y cosm\u00e9tica natural.","publisher":{"@id":"https:\/\/drasanvi.com\/cr\/#organization"},"potentialAction":[{"@type":"SearchAction","target":{"@type":"EntryPoint","urlTemplate":"https:\/\/drasanvi.com\/cr\/?s={search_term_string}"},"query-input":{"@type":"PropertyValueSpecification","valueRequired":true,"valueName":"search_term_string"}}],"inLanguage":"es"},{"@type":"Organization","@id":"https:\/\/drasanvi.com\/cr\/#organization","name":"Drasanvi","url":"https:\/\/drasanvi.com\/cr\/","logo":{"@type":"ImageObject","inLanguage":"es","@id":"https:\/\/drasanvi.com\/cr\/#\/schema\/logo\/image\/","url":"https:\/\/drasanvi.com\/wp-content\/uploads\/sites\/2\/2021\/07\/logo-drasanvi.png","contentUrl":"https:\/\/drasanvi.com\/wp-content\/uploads\/sites\/2\/2021\/07\/logo-drasanvi.png","width":900,"height":300,"caption":"Drasanvi"},"image":{"@id":"https:\/\/drasanvi.com\/cr\/#\/schema\/logo\/image\/"}},{"@type":"Person","@id":"https:\/\/drasanvi.com\/cr\/#\/schema\/person\/0540e70c77f6c6308596267b51fc57dc","name":"Nuria","image":{"@type":"ImageObject","inLanguage":"es","@id":"https:\/\/secure.gravatar.com\/avatar\/85760e8e3727599ce0b35a971bd9c81c64679f000057684172cb773dd3648789?s=96&d=mm&r=g","url":"https:\/\/secure.gravatar.com\/avatar\/85760e8e3727599ce0b35a971bd9c81c64679f000057684172cb773dd3648789?s=96&d=mm&r=g","contentUrl":"https:\/\/secure.gravatar.com\/avatar\/85760e8e3727599ce0b35a971bd9c81c64679f000057684172cb773dd3648789?s=96&d=mm&r=g","caption":"Nuria"}}]}},"_links":{"self":[{"href":"https:\/\/drasanvi.com\/cr\/wp-json\/wp\/v2\/posts\/3079","targetHints":{"allow":["GET"]}}],"collection":[{"href":"https:\/\/drasanvi.com\/cr\/wp-json\/wp\/v2\/posts"}],"about":[{"href":"https:\/\/drasanvi.com\/cr\/wp-json\/wp\/v2\/types\/post"}],"author":[{"embeddable":true,"href":"https:\/\/drasanvi.com\/cr\/wp-json\/wp\/v2\/users\/2"}],"replies":[{"embeddable":true,"href":"https:\/\/drasanvi.com\/cr\/wp-json\/wp\/v2\/comments?post=3079"}],"version-history":[{"count":0,"href":"https:\/\/drasanvi.com\/cr\/wp-json\/wp\/v2\/posts\/3079\/revisions"}],"wp:featuredmedia":[{"embeddable":true,"href":"https:\/\/drasanvi.com\/cr\/wp-json\/wp\/v2\/media\/3084"}],"wp:attachment":[{"href":"https:\/\/drasanvi.com\/cr\/wp-json\/wp\/v2\/media?parent=3079"}],"wp:term":[{"taxonomy":"category","embeddable":true,"href":"https:\/\/drasanvi.com\/cr\/wp-json\/wp\/v2\/categories?post=3079"},{"taxonomy":"post_tag","embeddable":true,"href":"https:\/\/drasanvi.com\/cr\/wp-json\/wp\/v2\/tags?post=3079"}],"curies":[{"name":"wp","href":"https:\/\/api.w.org\/{rel}","templated":true}]}}