{"id":2907,"date":"2016-10-13T09:30:25","date_gmt":"2016-10-13T07:30:25","guid":{"rendered":"http:\/\/yomecuidoyque.com\/?p=2907"},"modified":"2016-10-13T09:30:25","modified_gmt":"2016-10-13T07:30:25","slug":"bienvenida-a-la-cosmetica-natural","status":"publish","type":"post","link":"https:\/\/drasanvi.com\/cr\/bienvenida-a-la-cosmetica-natural\/","title":{"rendered":"Bienvenida a la cosm\u00e9tica natural"},"content":{"rendered":"<p><![CDATA[\n\n<h2 style=\"text-align: justify;\">BENEFICIOS DE LA COSM\u00c9TICA NATURAL<\/h2>\n\n\n\n\n<p style=\"text-align: justify;\">Qui\u00e9n no se ha dejado llevar por el marketing y no ha comprado un producto porque le ha llamado la atenci\u00f3n su publicidad, su est\u00e9tica, su olor\u2026 He de reconocer que yo tambi\u00e9n. Como amante de las cremas corporales y faciales, he probado y usado infinidad de marcas diferentes. Ten\u00eda\u00a0la esperanza de que mi piel quedara igual de perfecta que la modelo del anuncio, pero nunca me dio ese resultado.<\/p>\n\n\n\n\n<p style=\"text-align: justify;\">Hasta que lleg\u00f3 un \u00a0momento en que empec\u00e9 a tener problemas en la piel, sensibilidad, acn\u00e9 y alergias. Visit\u00e9 diferentes especialistas, en busca de soluciones r\u00e1pidas y eficaces, pero me cost\u00f3 varios a\u00f1os darme cuenta de<strong> la soluci\u00f3n.<\/strong><\/p>\n\n\n\n\n<p style=\"text-align: justify;\">Despu\u00e9s de estudiar y especializarme, fui consciente de los principales componentes que hab\u00eda en los cosm\u00e9ticos \u00a0y solo alcanc\u00e9 a gritar: \u00a1socorro! Una multitud de<strong> qu\u00edmicos t\u00f3xicos <\/strong>inundan nuestros cosm\u00e9ticos y muchos componentes vienen derivados del petr\u00f3leo. No somos conscientes de lo que nos estamos poniendo en la piel.<\/p>\n\n\n\n\n<p style=\"text-align: justify;\">Esto me hizo adentrarme en el mundo de lo natural e investigar sus riquezas. Y, desde entonces, me enganch\u00e9 a la cosm\u00e9tica natural: He de confesar que los que me robaron el coraz\u00f3n fueron unas maravillosas joyas llamadas<strong> aceites esenciales<\/strong>.<\/p>\n\n\n\n\n<p style=\"text-align: justify;\">Si miramos atr\u00e1s, ya vemos como antiguamente se utilizaban, no solo por ser beneficiosos para la piel sino para la salud en general (primero los egipcios, griegos, romanos\u2026). Podemos ver en la historia que antiguas reinas hac\u00edan sus mejores elixires de belleza con aceites esenciales y ten\u00edan resultados espectaculares. Y, aunque fuera por intuici\u00f3n, no se equivocaban.<\/p>\n\n\n\n\n<p style=\"text-align: justify;\">Las diferentes mol\u00e9culas que poseen los aceites esenciales hacen de ellos un ingrediente clave muy<strong> beneficioso para nuestra piel y todo nuestro organismo<\/strong>. Podemos conseguir distintas sinergias beneficiosas, pero no todas sirven para todos los tipos de piel. Siempre ponte en manos de un profesional que te aconseje correctamente lo que necesita tu piel, como \u00fanica y exclusiva que es.<\/p>\n\n\n\n\n<h2 style=\"text-align: justify;\">Aceites Esenciales. Conceptos a considerar<\/h2>\n\n\n\n\n<p style=\"text-align: justify;\">Primero de todo, debemos asegurarnos de que hablamos de aceites esenciales <strong>bioqu\u00edmicamente definidos<\/strong>. Que sean <strong>100% puros y no sean reconstituidos<\/strong>. Hay muchos aceites adulterados que nos podr\u00edan ocasionar m\u00e1s de un problema.<\/p>\n\n\n\n\n<p style=\"text-align: justify;\">Informaros de m\u00e9todos de aplicaci\u00f3n y cantidades exactas, son principios activos muy potentes y no se utilizan directamente en la piel, siempre mediante un veh\u00edculo, como puede ser una <strong>crema o un aceite vegetal<\/strong>.<\/p>\n\n\n\n\n<p style=\"text-align: justify;\">\u00a1Pero que no nos enga\u00f1en! \u00bfQu\u00e9 entendemos cuando nos hablan de un cosm\u00e9tico natural? Es necesario tener la terminolog\u00eda clara y poder as\u00ed evitar malentendidos.<\/p>\n\n\n\n\n<p style=\"text-align: justify;\">Por definici\u00f3n, un cosm\u00e9tico natural es aquel cuyos ingredientes son de <strong>origen biol\u00f3gico <\/strong>\u00a0y ninguno de sus componentes ha sido testado con animales. Veamos las diferencias entre cosm\u00e9tica artesanal, natural y ecol\u00f3gica:<\/p>\n\n\n\n\n<p style=\"text-align: center;\"><img fetchpriority=\"high\" decoding=\"async\" class=\"aligncenter wp-image-2990\" title=\"Diferencias entre cosm\u00e9tica artesanal, natural y ecol\u00f3gica\" src=\"https:\/\/drasanvi.com\/wp-content\/uploads\/sites\/2\/2016\/10\/yomecuido_cosmetica-natural-infografia-1024x724.jpg\" alt=\"Diferencias entre cosm\u00e9tica artesanal, natural y ecol\u00f3gica\" width=\"849\" height=\"600\" srcset=\"https:\/\/drasanvi.com\/cr\/wp-content\/uploads\/sites\/2\/2016\/10\/yomecuido_cosmetica-natural-infografia-1024x724.jpg 1024w, https:\/\/drasanvi.com\/cr\/wp-content\/uploads\/sites\/2\/2016\/10\/yomecuido_cosmetica-natural-infografia-300x212.jpg 300w, https:\/\/drasanvi.com\/cr\/wp-content\/uploads\/sites\/2\/2016\/10\/yomecuido_cosmetica-natural-infografia-768x543.jpg 768w, https:\/\/drasanvi.com\/cr\/wp-content\/uploads\/sites\/2\/2016\/10\/yomecuido_cosmetica-natural-infografia-1536x1086.jpg 1536w, https:\/\/drasanvi.com\/cr\/wp-content\/uploads\/sites\/2\/2016\/10\/yomecuido_cosmetica-natural-infografia-1200x848.jpg 1200w, https:\/\/drasanvi.com\/cr\/wp-content\/uploads\/sites\/2\/2016\/10\/yomecuido_cosmetica-natural-infografia-150x106.jpg 150w, https:\/\/drasanvi.com\/cr\/wp-content\/uploads\/sites\/2\/2016\/10\/yomecuido_cosmetica-natural-infografia.jpg 1754w\" sizes=\"(max-width: 849px) 100vw, 849px\" \/><\/p>\n\n\n\n\n<p style=\"text-align: justify;\">Ahora que lo tenemos un poco m\u00e1s claro, os invito a adentraros en el maravilloso mundo de la cosm\u00e9tica natural. Dejando a un lado transg\u00e9nicos, parabenos, perfumes, siliconas\u2026<\/p>\n\n\n\n\n<p style=\"text-align: justify;\">Vuestra piel a la larga os lo agradecer\u00e1. La naturaleza nos ofrece una cantidad de beneficios que hemos desaprendido con el tiempo, volvamos a aprender.<\/p>\n\n\n&nbsp;]]>    \t<\/p>\n","protected":false},"excerpt":{"rendered":"<p>BENEFICIOS DE LA COSM\u00c9TICA NATURAL Qui\u00e9n no se ha dejado llevar por el marketing y no ha comprado un producto<\/p>\n","protected":false},"author":2,"featured_media":2908,"comment_status":"open","ping_status":"closed","sticky":false,"template":"","format":"standard","meta":{"inline_featured_image":false,"footnotes":""},"categories":[140],"tags":[],"class_list":["post-2907","post","type-post","status-publish","format-standard","has-post-thumbnail","hentry","category-beauty"],"yoast_head":"<!-- This site is optimized with the Yoast SEO plugin v27.4 - https:\/\/yoast.com\/product\/yoast-seo-wordpress\/ -->\n<title>Bienvenida a la cosm\u00e9tica natural - Drasanvi Costa Rica<\/title>\n<meta name=\"description\" content=\"Nuestra colaboradora \u00c1ngela Tejedera nos explica la diferencia entre cosm\u00e9tica artesanal, natural y ecol\u00f3gica. Sus favoritos: los aceites esenciales\" \/>\n<meta name=\"robots\" content=\"index, follow, max-snippet:-1, max-image-preview:large, max-video-preview:-1\" \/>\n<link rel=\"canonical\" href=\"https:\/\/drasanvi.com\/cr\/bienvenida-a-la-cosmetica-natural\/\" \/>\n<meta property=\"og:locale\" content=\"es_ES\" \/>\n<meta property=\"og:type\" content=\"article\" \/>\n<meta property=\"og:title\" content=\"Bienvenida a la cosm\u00e9tica natural - Drasanvi Costa Rica\" \/>\n<meta property=\"og:description\" content=\"Nuestra colaboradora \u00c1ngela Tejedera nos explica la diferencia entre cosm\u00e9tica artesanal, natural y ecol\u00f3gica. Sus favoritos: los aceites esenciales\" \/>\n<meta property=\"og:url\" content=\"https:\/\/drasanvi.com\/cr\/bienvenida-a-la-cosmetica-natural\/\" \/>\n<meta property=\"og:site_name\" content=\"Drasanvi Costa Rica\" \/>\n<meta property=\"article:published_time\" content=\"2016-10-13T07:30:25+00:00\" \/>\n<meta property=\"og:image\" content=\"https:\/\/drasanvi.com\/wp-content\/uploads\/sites\/2\/2016\/09\/YoMeCuido_cosmetica-natural.jpg\" \/>\n\t<meta property=\"og:image:width\" content=\"850\" \/>\n\t<meta property=\"og:image:height\" content=\"440\" \/>\n\t<meta property=\"og:image:type\" content=\"image\/jpeg\" \/>\n<meta name=\"author\" content=\"Nuria\" \/>\n<meta name=\"twitter:card\" content=\"summary_large_image\" \/>\n<script type=\"application\/ld+json\" class=\"yoast-schema-graph\">{\"@context\":\"https:\\\/\\\/schema.org\",\"@graph\":[{\"@type\":\"Article\",\"@id\":\"https:\\\/\\\/drasanvi.com\\\/cr\\\/bienvenida-a-la-cosmetica-natural\\\/#article\",\"isPartOf\":{\"@id\":\"https:\\\/\\\/drasanvi.com\\\/cr\\\/bienvenida-a-la-cosmetica-natural\\\/\"},\"author\":{\"name\":\"Nuria\",\"@id\":\"https:\\\/\\\/drasanvi.com\\\/cr\\\/#\\\/schema\\\/person\\\/0540e70c77f6c6308596267b51fc57dc\"},\"headline\":\"Bienvenida a la cosm\u00e9tica natural\",\"datePublished\":\"2016-10-13T07:30:25+00:00\",\"mainEntityOfPage\":{\"@id\":\"https:\\\/\\\/drasanvi.com\\\/cr\\\/bienvenida-a-la-cosmetica-natural\\\/\"},\"wordCount\":548,\"commentCount\":0,\"publisher\":{\"@id\":\"https:\\\/\\\/drasanvi.com\\\/cr\\\/#organization\"},\"image\":{\"@id\":\"https:\\\/\\\/drasanvi.com\\\/cr\\\/bienvenida-a-la-cosmetica-natural\\\/#primaryimage\"},\"thumbnailUrl\":\"https:\\\/\\\/drasanvi.com\\\/cr\\\/wp-content\\\/uploads\\\/sites\\\/2\\\/2016\\\/09\\\/YoMeCuido_cosmetica-natural.jpg\",\"articleSection\":[\"Beauty\"],\"inLanguage\":\"es\",\"potentialAction\":[{\"@type\":\"CommentAction\",\"name\":\"Comment\",\"target\":[\"https:\\\/\\\/drasanvi.com\\\/cr\\\/bienvenida-a-la-cosmetica-natural\\\/#respond\"]}]},{\"@type\":\"WebPage\",\"@id\":\"https:\\\/\\\/drasanvi.com\\\/cr\\\/bienvenida-a-la-cosmetica-natural\\\/\",\"url\":\"https:\\\/\\\/drasanvi.com\\\/cr\\\/bienvenida-a-la-cosmetica-natural\\\/\",\"name\":\"Bienvenida a la cosm\u00e9tica natural - Drasanvi Costa Rica\",\"isPartOf\":{\"@id\":\"https:\\\/\\\/drasanvi.com\\\/cr\\\/#website\"},\"primaryImageOfPage\":{\"@id\":\"https:\\\/\\\/drasanvi.com\\\/cr\\\/bienvenida-a-la-cosmetica-natural\\\/#primaryimage\"},\"image\":{\"@id\":\"https:\\\/\\\/drasanvi.com\\\/cr\\\/bienvenida-a-la-cosmetica-natural\\\/#primaryimage\"},\"thumbnailUrl\":\"https:\\\/\\\/drasanvi.com\\\/cr\\\/wp-content\\\/uploads\\\/sites\\\/2\\\/2016\\\/09\\\/YoMeCuido_cosmetica-natural.jpg\",\"datePublished\":\"2016-10-13T07:30:25+00:00\",\"description\":\"Nuestra colaboradora \u00c1ngela Tejedera nos explica la diferencia entre cosm\u00e9tica artesanal, natural y ecol\u00f3gica. Sus favoritos: los aceites esenciales\",\"breadcrumb\":{\"@id\":\"https:\\\/\\\/drasanvi.com\\\/cr\\\/bienvenida-a-la-cosmetica-natural\\\/#breadcrumb\"},\"inLanguage\":\"es\",\"potentialAction\":[{\"@type\":\"ReadAction\",\"target\":[\"https:\\\/\\\/drasanvi.com\\\/cr\\\/bienvenida-a-la-cosmetica-natural\\\/\"]}]},{\"@type\":\"ImageObject\",\"inLanguage\":\"es\",\"@id\":\"https:\\\/\\\/drasanvi.com\\\/cr\\\/bienvenida-a-la-cosmetica-natural\\\/#primaryimage\",\"url\":\"https:\\\/\\\/drasanvi.com\\\/cr\\\/wp-content\\\/uploads\\\/sites\\\/2\\\/2016\\\/09\\\/YoMeCuido_cosmetica-natural.jpg\",\"contentUrl\":\"https:\\\/\\\/drasanvi.com\\\/cr\\\/wp-content\\\/uploads\\\/sites\\\/2\\\/2016\\\/09\\\/YoMeCuido_cosmetica-natural.jpg\",\"width\":850,\"height\":440,\"caption\":\"Hoy hablamos de las ventajas de la cosm\u00e9tica natural\"},{\"@type\":\"BreadcrumbList\",\"@id\":\"https:\\\/\\\/drasanvi.com\\\/cr\\\/bienvenida-a-la-cosmetica-natural\\\/#breadcrumb\",\"itemListElement\":[{\"@type\":\"ListItem\",\"position\":1,\"name\":\"Portada\",\"item\":\"https:\\\/\\\/drasanvi.com\\\/cr\\\/\"},{\"@type\":\"ListItem\",\"position\":2,\"name\":\"Bienvenida a la cosm\u00e9tica natural\"}]},{\"@type\":\"WebSite\",\"@id\":\"https:\\\/\\\/drasanvi.com\\\/cr\\\/#website\",\"url\":\"https:\\\/\\\/drasanvi.com\\\/cr\\\/\",\"name\":\"Drasanvi Costa Rica\",\"description\":\"L\u00edder en complementos alimenticios y cosm\u00e9tica natural.\",\"publisher\":{\"@id\":\"https:\\\/\\\/drasanvi.com\\\/cr\\\/#organization\"},\"potentialAction\":[{\"@type\":\"SearchAction\",\"target\":{\"@type\":\"EntryPoint\",\"urlTemplate\":\"https:\\\/\\\/drasanvi.com\\\/cr\\\/?s={search_term_string}\"},\"query-input\":{\"@type\":\"PropertyValueSpecification\",\"valueRequired\":true,\"valueName\":\"search_term_string\"}}],\"inLanguage\":\"es\"},{\"@type\":\"Organization\",\"@id\":\"https:\\\/\\\/drasanvi.com\\\/cr\\\/#organization\",\"name\":\"Drasanvi\",\"url\":\"https:\\\/\\\/drasanvi.com\\\/cr\\\/\",\"logo\":{\"@type\":\"ImageObject\",\"inLanguage\":\"es\",\"@id\":\"https:\\\/\\\/drasanvi.com\\\/cr\\\/#\\\/schema\\\/logo\\\/image\\\/\",\"url\":\"https:\\\/\\\/drasanvi.com\\\/wp-content\\\/uploads\\\/sites\\\/2\\\/2021\\\/07\\\/logo-drasanvi.png\",\"contentUrl\":\"https:\\\/\\\/drasanvi.com\\\/wp-content\\\/uploads\\\/sites\\\/2\\\/2021\\\/07\\\/logo-drasanvi.png\",\"width\":900,\"height\":300,\"caption\":\"Drasanvi\"},\"image\":{\"@id\":\"https:\\\/\\\/drasanvi.com\\\/cr\\\/#\\\/schema\\\/logo\\\/image\\\/\"}},{\"@type\":\"Person\",\"@id\":\"https:\\\/\\\/drasanvi.com\\\/cr\\\/#\\\/schema\\\/person\\\/0540e70c77f6c6308596267b51fc57dc\",\"name\":\"Nuria\",\"image\":{\"@type\":\"ImageObject\",\"inLanguage\":\"es\",\"@id\":\"https:\\\/\\\/secure.gravatar.com\\\/avatar\\\/85760e8e3727599ce0b35a971bd9c81c64679f000057684172cb773dd3648789?s=96&d=mm&r=g\",\"url\":\"https:\\\/\\\/secure.gravatar.com\\\/avatar\\\/85760e8e3727599ce0b35a971bd9c81c64679f000057684172cb773dd3648789?s=96&d=mm&r=g\",\"contentUrl\":\"https:\\\/\\\/secure.gravatar.com\\\/avatar\\\/85760e8e3727599ce0b35a971bd9c81c64679f000057684172cb773dd3648789?s=96&d=mm&r=g\",\"caption\":\"Nuria\"}}]}<\/script>\n<!-- \/ Yoast SEO plugin. -->","yoast_head_json":{"title":"Bienvenida a la cosm\u00e9tica natural - Drasanvi Costa Rica","description":"Nuestra colaboradora \u00c1ngela Tejedera nos explica la diferencia entre cosm\u00e9tica artesanal, natural y ecol\u00f3gica. Sus favoritos: los aceites esenciales","robots":{"index":"index","follow":"follow","max-snippet":"max-snippet:-1","max-image-preview":"max-image-preview:large","max-video-preview":"max-video-preview:-1"},"canonical":"https:\/\/drasanvi.com\/cr\/bienvenida-a-la-cosmetica-natural\/","og_locale":"es_ES","og_type":"article","og_title":"Bienvenida a la cosm\u00e9tica natural - Drasanvi Costa Rica","og_description":"Nuestra colaboradora \u00c1ngela Tejedera nos explica la diferencia entre cosm\u00e9tica artesanal, natural y ecol\u00f3gica. Sus favoritos: los aceites esenciales","og_url":"https:\/\/drasanvi.com\/cr\/bienvenida-a-la-cosmetica-natural\/","og_site_name":"Drasanvi Costa Rica","article_published_time":"2016-10-13T07:30:25+00:00","og_image":[{"width":850,"height":440,"url":"https:\/\/drasanvi.com\/wp-content\/uploads\/sites\/2\/2016\/09\/YoMeCuido_cosmetica-natural.jpg","type":"image\/jpeg"}],"author":"Nuria","twitter_card":"summary_large_image","schema":{"@context":"https:\/\/schema.org","@graph":[{"@type":"Article","@id":"https:\/\/drasanvi.com\/cr\/bienvenida-a-la-cosmetica-natural\/#article","isPartOf":{"@id":"https:\/\/drasanvi.com\/cr\/bienvenida-a-la-cosmetica-natural\/"},"author":{"name":"Nuria","@id":"https:\/\/drasanvi.com\/cr\/#\/schema\/person\/0540e70c77f6c6308596267b51fc57dc"},"headline":"Bienvenida a la cosm\u00e9tica natural","datePublished":"2016-10-13T07:30:25+00:00","mainEntityOfPage":{"@id":"https:\/\/drasanvi.com\/cr\/bienvenida-a-la-cosmetica-natural\/"},"wordCount":548,"commentCount":0,"publisher":{"@id":"https:\/\/drasanvi.com\/cr\/#organization"},"image":{"@id":"https:\/\/drasanvi.com\/cr\/bienvenida-a-la-cosmetica-natural\/#primaryimage"},"thumbnailUrl":"https:\/\/drasanvi.com\/cr\/wp-content\/uploads\/sites\/2\/2016\/09\/YoMeCuido_cosmetica-natural.jpg","articleSection":["Beauty"],"inLanguage":"es","potentialAction":[{"@type":"CommentAction","name":"Comment","target":["https:\/\/drasanvi.com\/cr\/bienvenida-a-la-cosmetica-natural\/#respond"]}]},{"@type":"WebPage","@id":"https:\/\/drasanvi.com\/cr\/bienvenida-a-la-cosmetica-natural\/","url":"https:\/\/drasanvi.com\/cr\/bienvenida-a-la-cosmetica-natural\/","name":"Bienvenida a la cosm\u00e9tica natural - Drasanvi Costa Rica","isPartOf":{"@id":"https:\/\/drasanvi.com\/cr\/#website"},"primaryImageOfPage":{"@id":"https:\/\/drasanvi.com\/cr\/bienvenida-a-la-cosmetica-natural\/#primaryimage"},"image":{"@id":"https:\/\/drasanvi.com\/cr\/bienvenida-a-la-cosmetica-natural\/#primaryimage"},"thumbnailUrl":"https:\/\/drasanvi.com\/cr\/wp-content\/uploads\/sites\/2\/2016\/09\/YoMeCuido_cosmetica-natural.jpg","datePublished":"2016-10-13T07:30:25+00:00","description":"Nuestra colaboradora \u00c1ngela Tejedera nos explica la diferencia entre cosm\u00e9tica artesanal, natural y ecol\u00f3gica. Sus favoritos: los aceites esenciales","breadcrumb":{"@id":"https:\/\/drasanvi.com\/cr\/bienvenida-a-la-cosmetica-natural\/#breadcrumb"},"inLanguage":"es","potentialAction":[{"@type":"ReadAction","target":["https:\/\/drasanvi.com\/cr\/bienvenida-a-la-cosmetica-natural\/"]}]},{"@type":"ImageObject","inLanguage":"es","@id":"https:\/\/drasanvi.com\/cr\/bienvenida-a-la-cosmetica-natural\/#primaryimage","url":"https:\/\/drasanvi.com\/cr\/wp-content\/uploads\/sites\/2\/2016\/09\/YoMeCuido_cosmetica-natural.jpg","contentUrl":"https:\/\/drasanvi.com\/cr\/wp-content\/uploads\/sites\/2\/2016\/09\/YoMeCuido_cosmetica-natural.jpg","width":850,"height":440,"caption":"Hoy hablamos de las ventajas de la cosm\u00e9tica natural"},{"@type":"BreadcrumbList","@id":"https:\/\/drasanvi.com\/cr\/bienvenida-a-la-cosmetica-natural\/#breadcrumb","itemListElement":[{"@type":"ListItem","position":1,"name":"Portada","item":"https:\/\/drasanvi.com\/cr\/"},{"@type":"ListItem","position":2,"name":"Bienvenida a la cosm\u00e9tica natural"}]},{"@type":"WebSite","@id":"https:\/\/drasanvi.com\/cr\/#website","url":"https:\/\/drasanvi.com\/cr\/","name":"Drasanvi Costa Rica","description":"L\u00edder en complementos alimenticios y cosm\u00e9tica natural.","publisher":{"@id":"https:\/\/drasanvi.com\/cr\/#organization"},"potentialAction":[{"@type":"SearchAction","target":{"@type":"EntryPoint","urlTemplate":"https:\/\/drasanvi.com\/cr\/?s={search_term_string}"},"query-input":{"@type":"PropertyValueSpecification","valueRequired":true,"valueName":"search_term_string"}}],"inLanguage":"es"},{"@type":"Organization","@id":"https:\/\/drasanvi.com\/cr\/#organization","name":"Drasanvi","url":"https:\/\/drasanvi.com\/cr\/","logo":{"@type":"ImageObject","inLanguage":"es","@id":"https:\/\/drasanvi.com\/cr\/#\/schema\/logo\/image\/","url":"https:\/\/drasanvi.com\/wp-content\/uploads\/sites\/2\/2021\/07\/logo-drasanvi.png","contentUrl":"https:\/\/drasanvi.com\/wp-content\/uploads\/sites\/2\/2021\/07\/logo-drasanvi.png","width":900,"height":300,"caption":"Drasanvi"},"image":{"@id":"https:\/\/drasanvi.com\/cr\/#\/schema\/logo\/image\/"}},{"@type":"Person","@id":"https:\/\/drasanvi.com\/cr\/#\/schema\/person\/0540e70c77f6c6308596267b51fc57dc","name":"Nuria","image":{"@type":"ImageObject","inLanguage":"es","@id":"https:\/\/secure.gravatar.com\/avatar\/85760e8e3727599ce0b35a971bd9c81c64679f000057684172cb773dd3648789?s=96&d=mm&r=g","url":"https:\/\/secure.gravatar.com\/avatar\/85760e8e3727599ce0b35a971bd9c81c64679f000057684172cb773dd3648789?s=96&d=mm&r=g","contentUrl":"https:\/\/secure.gravatar.com\/avatar\/85760e8e3727599ce0b35a971bd9c81c64679f000057684172cb773dd3648789?s=96&d=mm&r=g","caption":"Nuria"}}]}},"_links":{"self":[{"href":"https:\/\/drasanvi.com\/cr\/wp-json\/wp\/v2\/posts\/2907","targetHints":{"allow":["GET"]}}],"collection":[{"href":"https:\/\/drasanvi.com\/cr\/wp-json\/wp\/v2\/posts"}],"about":[{"href":"https:\/\/drasanvi.com\/cr\/wp-json\/wp\/v2\/types\/post"}],"author":[{"embeddable":true,"href":"https:\/\/drasanvi.com\/cr\/wp-json\/wp\/v2\/users\/2"}],"replies":[{"embeddable":true,"href":"https:\/\/drasanvi.com\/cr\/wp-json\/wp\/v2\/comments?post=2907"}],"version-history":[{"count":0,"href":"https:\/\/drasanvi.com\/cr\/wp-json\/wp\/v2\/posts\/2907\/revisions"}],"wp:featuredmedia":[{"embeddable":true,"href":"https:\/\/drasanvi.com\/cr\/wp-json\/wp\/v2\/media\/2908"}],"wp:attachment":[{"href":"https:\/\/drasanvi.com\/cr\/wp-json\/wp\/v2\/media?parent=2907"}],"wp:term":[{"taxonomy":"category","embeddable":true,"href":"https:\/\/drasanvi.com\/cr\/wp-json\/wp\/v2\/categories?post=2907"},{"taxonomy":"post_tag","embeddable":true,"href":"https:\/\/drasanvi.com\/cr\/wp-json\/wp\/v2\/tags?post=2907"}],"curies":[{"name":"wp","href":"https:\/\/api.w.org\/{rel}","templated":true}]}}